{"id":5524,"date":"2019-12-18T11:27:42","date_gmt":"2019-12-18T10:27:42","guid":{"rendered":"http:\/\/agora.xtec.cat\/esc-teresabergada\/?p=5524"},"modified":"2019-12-18T12:33:42","modified_gmt":"2019-12-18T11:33:42","slug":"fent-disfresses-a-p3","status":"publish","type":"post","link":"https:\/\/agora.xtec.cat\/esc-teresabergada\/general\/fent-disfresses-a-p3\/","title":{"rendered":"FENT DISFRESSES A P3"},"content":{"rendered":"<p>Un dia, a l\u2019aula de m\u00fasica, la professora Aurora ens va dir que far\u00edem les disfresses dels alumnes de P3. Ens va fer molta il\u00b7lusi\u00f3 perqu\u00e8 alguns tenim germans a parvulari.<\/p>\n<p>La vestimenta consistia en bosses de roba en qu\u00e8 nosaltres fic\u00e0vem flocs de neu, estrelles, rodones&#8230; Els de P3 necessiten aquestes disfresses perqu\u00e8 el dia 20 farem el festival de nadal.<\/p>\n<p>Vam pensar que era una responsabilitat molt gran i ho vam fer el millor que vam poder. Estem segurs que els hi quedaran molt b\u00e9!!<\/p>\n","protected":false},"excerpt":{"rendered":"<p>Un dia, a l\u2019aula de m\u00fasica, la professora Aurora ens va dir que far\u00edem les disfresses dels alumnes de P3. Ens va fer molta il\u00b7lusi\u00f3 perqu\u00e8 alguns tenim germans a parvulari.<br \/>\nLa vestimenta consistia en bosses de roba en qu\u00e8 nosaltres fic\u00e0vem flocs de neu, estrelles,&hellip;  <a href=\"https:\/\/agora.xtec.cat\/esc-teresabergada\/general\/fent-disfresses-a-p3\/\" title=\"Read FENT DISFRESSES A P3\">Llegeix m\u00e9s\u00bb<\/a><\/p>\n","protected":false},"author":1,"featured_media":0,"comment_status":"open","ping_status":"closed","sticky":false,"template":"","format":"standard","meta":{"_bbp_topic_count":0,"_bbp_reply_count":0,"_bbp_total_topic_count":0,"_bbp_total_reply_count":0,"_bbp_voice_count":0,"_bbp_anonymous_reply_count":0,"_bbp_topic_count_hidden":0,"_bbp_reply_count_hidden":0,"_bbp_forum_subforum_count":0,"footnotes":""},"categories":[240,1],"tags":[],"class_list":["post-5524","post","type-post","status-publish","format-standard","hentry","category-6e","category-general"],"post_mailing_queue_ids":[],"_links":{"self":[{"href":"https:\/\/agora.xtec.cat\/esc-teresabergada\/wp-json\/wp\/v2\/posts\/5524","targetHints":{"allow":["GET"]}}],"collection":[{"href":"https:\/\/agora.xtec.cat\/esc-teresabergada\/wp-json\/wp\/v2\/posts"}],"about":[{"href":"https:\/\/agora.xtec.cat\/esc-teresabergada\/wp-json\/wp\/v2\/types\/post"}],"author":[{"embeddable":true,"href":"https:\/\/agora.xtec.cat\/esc-teresabergada\/wp-json\/wp\/v2\/users\/1"}],"replies":[{"embeddable":true,"href":"https:\/\/agora.xtec.cat\/esc-teresabergada\/wp-json\/wp\/v2\/comments?post=5524"}],"version-history":[{"count":1,"href":"https:\/\/agora.xtec.cat\/esc-teresabergada\/wp-json\/wp\/v2\/posts\/5524\/revisions"}],"predecessor-version":[{"id":5525,"href":"https:\/\/agora.xtec.cat\/esc-teresabergada\/wp-json\/wp\/v2\/posts\/5524\/revisions\/5525"}],"wp:attachment":[{"href":"https:\/\/agora.xtec.cat\/esc-teresabergada\/wp-json\/wp\/v2\/media?parent=5524"}],"wp:term":[{"taxonomy":"category","embeddable":true,"href":"https:\/\/agora.xtec.cat\/esc-teresabergada\/wp-json\/wp\/v2\/categories?post=5524"},{"taxonomy":"post_tag","embeddable":true,"href":"https:\/\/agora.xtec.cat\/esc-teresabergada\/wp-json\/wp\/v2\/tags?post=5524"}],"curies":[{"name":"wp","href":"https:\/\/api.w.org\/{rel}","templated":true}]}}