{"id":5506,"date":"2019-12-18T10:35:34","date_gmt":"2019-12-18T09:35:34","guid":{"rendered":"http:\/\/agora.xtec.cat\/esc-teresabergada\/?p=5506"},"modified":"2019-12-18T10:35:34","modified_gmt":"2019-12-18T09:35:34","slug":"la-nostra-canco-de-nadal","status":"publish","type":"post","link":"https:\/\/agora.xtec.cat\/esc-teresabergada\/general\/la-nostra-canco-de-nadal\/","title":{"rendered":"La nostra can\u00e7\u00f3 de nadal"},"content":{"rendered":"<p>Aquests dies a m\u00fasica estem preparant la can\u00e7\u00f3 de Nadal. La cantarem el dia 20 de desembre al casal, per a totes les fam\u00edlies. La can\u00e7\u00f3 de 5\u00e8 es titula <em>Somiem tots junts<\/em>. Aquesta can\u00e7\u00f3 ens parla de desitjos i somnis que es poden complir .\u00c9s una can\u00e7\u00f3 tranquil\u00b7la i molt bonica.<\/p>\n<p><span style=\"line-height: 25.6px;\">Esperem que vingueu a veure\u00b4ns i us agradi perqu\u00e8 en tenim moltes ganes i ens hi hem esfor\u00e7at molt!!!<\/span><\/p>\n<p><a href=\"https:\/\/agora.xtec.cat\/esc-teresabergada\/wp-content\/uploads\/usu1533\/2019\/12\/somiem.jpg\"><img loading=\"lazy\" decoding=\"async\" class=\"aligncenter wp-image-5526 size-medium\" src=\"https:\/\/agora.xtec.cat\/esc-teresabergada\/wp-content\/uploads\/usu1533\/2019\/12\/somiem-300x169.jpg\" alt=\"\" width=\"300\" height=\"169\" srcset=\"https:\/\/agora.xtec.cat\/esc-teresabergada\/wp-content\/uploads\/usu1533\/2019\/12\/somiem-300x169.jpg 300w, https:\/\/agora.xtec.cat\/esc-teresabergada\/wp-content\/uploads\/usu1533\/2019\/12\/somiem-768x432.jpg 768w, https:\/\/agora.xtec.cat\/esc-teresabergada\/wp-content\/uploads\/usu1533\/2019\/12\/somiem-1024x576.jpg 1024w, https:\/\/agora.xtec.cat\/esc-teresabergada\/wp-content\/uploads\/usu1533\/2019\/12\/somiem.jpg 1600w\" sizes=\"auto, (max-width: 300px) 100vw, 300px\" \/><\/a><\/p>\n","protected":false},"excerpt":{"rendered":"<p>Aquests dies a m\u00fasica estem preparant la can\u00e7\u00f3 de Nadal. La cantarem el dia 20 de desembre al casal, per a totes les fam\u00edlies. La can\u00e7\u00f3 de 5\u00e8 es titula Somiem tots junts. Aquesta can\u00e7\u00f3 ens parla de desitjos i somnis que es poden complir&hellip;  <a href=\"https:\/\/agora.xtec.cat\/esc-teresabergada\/general\/la-nostra-canco-de-nadal\/\" title=\"Read La nostra can\u00e7\u00f3 de nadal\">Llegeix m\u00e9s\u00bb<\/a><\/p>\n","protected":false},"author":1,"featured_media":0,"comment_status":"open","ping_status":"closed","sticky":false,"template":"","format":"standard","meta":{"_bbp_topic_count":0,"_bbp_reply_count":0,"_bbp_total_topic_count":0,"_bbp_total_reply_count":0,"_bbp_voice_count":0,"_bbp_anonymous_reply_count":0,"_bbp_topic_count_hidden":0,"_bbp_reply_count_hidden":0,"_bbp_forum_subforum_count":0,"footnotes":""},"categories":[240,1],"tags":[71,452],"class_list":["post-5506","post","type-post","status-publish","format-standard","hentry","category-6e","category-general","tag-nadal","tag-nadala"],"post_mailing_queue_ids":[],"_links":{"self":[{"href":"https:\/\/agora.xtec.cat\/esc-teresabergada\/wp-json\/wp\/v2\/posts\/5506","targetHints":{"allow":["GET"]}}],"collection":[{"href":"https:\/\/agora.xtec.cat\/esc-teresabergada\/wp-json\/wp\/v2\/posts"}],"about":[{"href":"https:\/\/agora.xtec.cat\/esc-teresabergada\/wp-json\/wp\/v2\/types\/post"}],"author":[{"embeddable":true,"href":"https:\/\/agora.xtec.cat\/esc-teresabergada\/wp-json\/wp\/v2\/users\/1"}],"replies":[{"embeddable":true,"href":"https:\/\/agora.xtec.cat\/esc-teresabergada\/wp-json\/wp\/v2\/comments?post=5506"}],"version-history":[{"count":2,"href":"https:\/\/agora.xtec.cat\/esc-teresabergada\/wp-json\/wp\/v2\/posts\/5506\/revisions"}],"predecessor-version":[{"id":5527,"href":"https:\/\/agora.xtec.cat\/esc-teresabergada\/wp-json\/wp\/v2\/posts\/5506\/revisions\/5527"}],"wp:attachment":[{"href":"https:\/\/agora.xtec.cat\/esc-teresabergada\/wp-json\/wp\/v2\/media?parent=5506"}],"wp:term":[{"taxonomy":"category","embeddable":true,"href":"https:\/\/agora.xtec.cat\/esc-teresabergada\/wp-json\/wp\/v2\/categories?post=5506"},{"taxonomy":"post_tag","embeddable":true,"href":"https:\/\/agora.xtec.cat\/esc-teresabergada\/wp-json\/wp\/v2\/tags?post=5506"}],"curies":[{"name":"wp","href":"https:\/\/api.w.org\/{rel}","templated":true}]}}