{"id":5501,"date":"2019-12-13T10:26:37","date_gmt":"2019-12-13T09:26:37","guid":{"rendered":"http:\/\/agora.xtec.cat\/esc-teresabergada\/?p=5501"},"modified":"2019-12-13T10:26:37","modified_gmt":"2019-12-13T09:26:37","slug":"exposem-els-nostres-treballs","status":"publish","type":"post","link":"https:\/\/agora.xtec.cat\/esc-teresabergada\/general\/exposem-els-nostres-treballs\/","title":{"rendered":"EXPOSEM ELS NOSTRES TREBALLS"},"content":{"rendered":"<p style=\"text-align: justify;\">El dia 5 de desembre a l&#8217;aula de 6\u00e8. A vam exposar oralment els nostres lapbooks i powerspoints, i ho vam fer aix\u00ed: ens vam organitzar en grups de quatre persones un aparell o sistema diferent del cos hum\u00e0 que tenien a veure amb la nutrici\u00f3: l&#8217;aparell excretor, l&#8217;aparell circulatori, el sistema nervi\u00f3s\u00a0 i l&#8217;aparell respiratori. Tot aix\u00f2 ho vam fer per aprendre\u00a0 el funcionament del\u00a0 nostre cos. L&#8217;explicaci\u00f3 anava dirigida a tots els alumnes que estaven a la nostra classe.<\/p>\n<p><a href=\"https:\/\/agora.xtec.cat\/esc-teresabergada\/wp-content\/uploads\/usu1533\/2019\/12\/IMG_5202-1.jpg\"><img loading=\"lazy\" decoding=\"async\" class=\"alignnone wp-image-5503 size-medium\" src=\"https:\/\/agora.xtec.cat\/esc-teresabergada\/wp-content\/uploads\/usu1533\/2019\/12\/IMG_5202-1-300x225.jpg\" alt=\"\" width=\"300\" height=\"225\" \/><\/a> <a href=\"https:\/\/agora.xtec.cat\/esc-teresabergada\/wp-content\/uploads\/usu1533\/2019\/12\/IMG_5204.jpg\"><img loading=\"lazy\" decoding=\"async\" class=\"alignnone wp-image-5504 size-medium\" src=\"https:\/\/agora.xtec.cat\/esc-teresabergada\/wp-content\/uploads\/usu1533\/2019\/12\/IMG_5204-300x225.jpg\" alt=\"\" width=\"300\" height=\"225\" \/><\/a> <a href=\"https:\/\/agora.xtec.cat\/esc-teresabergada\/wp-content\/uploads\/usu1533\/2019\/12\/IMG_5210.jpg\"><img loading=\"lazy\" decoding=\"async\" class=\"alignnone wp-image-5505 size-medium\" src=\"https:\/\/agora.xtec.cat\/esc-teresabergada\/wp-content\/uploads\/usu1533\/2019\/12\/IMG_5210-300x225.jpg\" alt=\"\" width=\"300\" height=\"225\" \/><\/a><\/p>\n<p style=\"text-align: right;\">Blai Buira<\/p>\n","protected":false},"excerpt":{"rendered":"<p>El dia 5 de desembre a l&#8217;aula de 6\u00e8. A vam exposar oralment els nostres lapbooks i powerspoints, i ho vam fer aix\u00ed: ens vam organitzar en grups de quatre persones un aparell o sistema diferent del cos hum\u00e0 que tenien a veure amb la&hellip;  <a href=\"https:\/\/agora.xtec.cat\/esc-teresabergada\/general\/exposem-els-nostres-treballs\/\" title=\"Read EXPOSEM ELS NOSTRES TREBALLS\">Llegeix m\u00e9s\u00bb<\/a><\/p>\n","protected":false},"author":1,"featured_media":0,"comment_status":"open","ping_status":"closed","sticky":false,"template":"","format":"standard","meta":{"_bbp_topic_count":0,"_bbp_reply_count":0,"_bbp_total_topic_count":0,"_bbp_total_reply_count":0,"_bbp_voice_count":0,"_bbp_anonymous_reply_count":0,"_bbp_topic_count_hidden":0,"_bbp_reply_count_hidden":0,"_bbp_forum_subforum_count":0,"footnotes":""},"categories":[1],"tags":[442,172,70],"class_list":["post-5501","post","type-post","status-publish","format-standard","hentry","category-general","tag-cos-huma","tag-medi","tag-projecte"],"post_mailing_queue_ids":[],"_links":{"self":[{"href":"https:\/\/agora.xtec.cat\/esc-teresabergada\/wp-json\/wp\/v2\/posts\/5501","targetHints":{"allow":["GET"]}}],"collection":[{"href":"https:\/\/agora.xtec.cat\/esc-teresabergada\/wp-json\/wp\/v2\/posts"}],"about":[{"href":"https:\/\/agora.xtec.cat\/esc-teresabergada\/wp-json\/wp\/v2\/types\/post"}],"author":[{"embeddable":true,"href":"https:\/\/agora.xtec.cat\/esc-teresabergada\/wp-json\/wp\/v2\/users\/1"}],"replies":[{"embeddable":true,"href":"https:\/\/agora.xtec.cat\/esc-teresabergada\/wp-json\/wp\/v2\/comments?post=5501"}],"version-history":[{"count":2,"href":"https:\/\/agora.xtec.cat\/esc-teresabergada\/wp-json\/wp\/v2\/posts\/5501\/revisions"}],"predecessor-version":[{"id":5507,"href":"https:\/\/agora.xtec.cat\/esc-teresabergada\/wp-json\/wp\/v2\/posts\/5501\/revisions\/5507"}],"wp:attachment":[{"href":"https:\/\/agora.xtec.cat\/esc-teresabergada\/wp-json\/wp\/v2\/media?parent=5501"}],"wp:term":[{"taxonomy":"category","embeddable":true,"href":"https:\/\/agora.xtec.cat\/esc-teresabergada\/wp-json\/wp\/v2\/categories?post=5501"},{"taxonomy":"post_tag","embeddable":true,"href":"https:\/\/agora.xtec.cat\/esc-teresabergada\/wp-json\/wp\/v2\/tags?post=5501"}],"curies":[{"name":"wp","href":"https:\/\/api.w.org\/{rel}","templated":true}]}}