{"id":5490,"date":"2019-12-13T09:38:14","date_gmt":"2019-12-13T08:38:14","guid":{"rendered":"http:\/\/agora.xtec.cat\/esc-teresabergada\/?p=5490"},"modified":"2019-12-13T09:38:14","modified_gmt":"2019-12-13T08:38:14","slug":"lexperiment-de-laparell-respiratori","status":"publish","type":"post","link":"https:\/\/agora.xtec.cat\/esc-teresabergada\/general\/lexperiment-de-laparell-respiratori\/","title":{"rendered":"L&#8217;experiment de l&#8217;aparell respiratori"},"content":{"rendered":"<p>La setmana passada , la nostra professora ens va dividir en parelles per estudiar l&#8217;aparell respiratori. Quan va acabar d&#8217;explicar ens va dir que hav\u00edem de portar materials per fer un model petit de l&#8217;aparell respiratori.<\/p>\n<p>Els\u00a0 materials per fer l&#8217;experiment van ser:<\/p>\n<ul>\n<li>1 ampolla\u00a0 buida d&#8217;aigua<\/li>\n<li>2 palletes<\/li>\n<li>1 guant de l\u00e0tex<\/li>\n<li>2 globus<\/li>\n<li>1 cinta a\u00efllant<\/li>\n<\/ul>\n<p>Finalment vam saber i aprendre que hi ha un m\u00fascul que \u00e9s el diafragma: quan s&#8217;estira \u00e9s que la persona est\u00e0 inspirant i quan es contrau est\u00e0 expirant.<\/p>\n<h1 style=\"text-align: center;\"><em><span style=\"color: #ff0000;\">Vam gaudir molt!!!!!<\/span><\/em><\/h1>\n\r\n\t<div class=\"slideshow_container slideshow_container_style-light\" style=\"height: 300px; \" data-slideshow-id=\"5492\" data-style-name=\"style-light\" data-style-version=\"2.3.1\" >\r\n\r\n\t\t\t\t\t<div class=\"slideshow_loading_icon\"><\/div>\r\n\t\t\r\n\t\t<div class=\"slideshow_content\" style=\"display: none;\">\r\n\r\n\t\t\t<div class=\"slideshow_view\">\t<div style=\"clear: both;\"><\/div><\/div><div class=\"slideshow_view\">\t<div style=\"clear: both;\"><\/div><\/div><div class=\"slideshow_view\">\t<div style=\"clear: both;\"><\/div><\/div><div class=\"slideshow_view\">\t<div style=\"clear: both;\"><\/div><\/div>\r\n\t\t<\/div>\r\n\r\n\t\t<div class=\"slideshow_controlPanel slideshow_transparent\" style=\"display: none;\"><ul><li class=\"slideshow_togglePlay\" data-play-text=\"Visualitza\" data-pause-text=\"Pausa\"><\/li><\/ul><\/div>\r\n\r\n\t\t<div class=\"slideshow_button slideshow_previous slideshow_transparent\" role=\"button\" data-previous-text=\"Anterior\" style=\"display: none;\"><\/div>\r\n\t\t<div class=\"slideshow_button slideshow_next slideshow_transparent\" role=\"button\" data-next-text=\"Seg\u00fcent\" style=\"display: none;\"><\/div>\r\n\r\n\t\t<div class=\"slideshow_pagination\" style=\"display: none;\" data-go-to-text=\"V\u00e9s a la diapositiva\"><div class=\"slideshow_pagination_center\"><\/div><\/div>\r\n\r\n\t\t<!-- WordPress Slideshow Version 2.3.1 -->\r\n\r\n\t\t\t<\/div>\r\n\r\n\n<p>&nbsp;<\/p>\n<p style=\"text-align: right;\">Marie Rose Habli<\/p>\n","protected":false},"excerpt":{"rendered":"<p>La setmana passada , la nostra professora ens va dividir en parelles per estudiar l&#8217;aparell respiratori. Quan va acabar d&#8217;explicar ens va dir que hav\u00edem de portar materials per fer un model petit de l&#8217;aparell respiratori.<br \/>\nEls\u00a0 materials per fer l&#8217;experiment van ser:<\/p>\n<ul>\n<li>1 ampolla\u00a0 buida d&#8217;aigua<\/li>\n<li>2&hellip;  <a href=\"https:\/\/agora.xtec.cat\/esc-teresabergada\/general\/lexperiment-de-laparell-respiratori\/\" title=\"Read L&#8217;experiment de l&#8217;aparell respiratori\">Llegeix m\u00e9s\u00bb<\/a><br \/>\n","protected":false},"author":1,"featured_media":0,"comment_status":"open","ping_status":"closed","sticky":false,"template":"","format":"standard","meta":{"_bbp_topic_count":0,"_bbp_reply_count":0,"_bbp_total_topic_count":0,"_bbp_total_reply_count":0,"_bbp_voice_count":0,"_bbp_anonymous_reply_count":0,"_bbp_topic_count_hidden":0,"_bbp_reply_count_hidden":0,"_bbp_forum_subforum_count":0,"footnotes":""},"categories":[1],"tags":[442,172,124],"class_list":["post-5490","post","type-post","status-publish","format-standard","hentry","category-general","tag-cos-huma","tag-medi","tag-projectes"],"post_mailing_queue_ids":[],"_links":{"self":[{"href":"https:\/\/agora.xtec.cat\/esc-teresabergada\/wp-json\/wp\/v2\/posts\/5490","targetHints":{"allow":["GET"]}}],"collection":[{"href":"https:\/\/agora.xtec.cat\/esc-teresabergada\/wp-json\/wp\/v2\/posts"}],"about":[{"href":"https:\/\/agora.xtec.cat\/esc-teresabergada\/wp-json\/wp\/v2\/types\/post"}],"author":[{"embeddable":true,"href":"https:\/\/agora.xtec.cat\/esc-teresabergada\/wp-json\/wp\/v2\/users\/1"}],"replies":[{"embeddable":true,"href":"https:\/\/agora.xtec.cat\/esc-teresabergada\/wp-json\/wp\/v2\/comments?post=5490"}],"version-history":[{"count":2,"href":"https:\/\/agora.xtec.cat\/esc-teresabergada\/wp-json\/wp\/v2\/posts\/5490\/revisions"}],"predecessor-version":[{"id":5500,"href":"https:\/\/agora.xtec.cat\/esc-teresabergada\/wp-json\/wp\/v2\/posts\/5490\/revisions\/5500"}],"wp:attachment":[{"href":"https:\/\/agora.xtec.cat\/esc-teresabergada\/wp-json\/wp\/v2\/media?parent=5490"}],"wp:term":[{"taxonomy":"category","embeddable":true,"href":"https:\/\/agora.xtec.cat\/esc-teresabergada\/wp-json\/wp\/v2\/categories?post=5490"},{"taxonomy":"post_tag","embeddable":true,"href":"https:\/\/agora.xtec.cat\/esc-teresabergada\/wp-json\/wp\/v2\/tags?post=5490"}],"curies":[{"name":"wp","href":"https:\/\/api.w.org\/{rel}","templated":true}]}}