{"id":5471,"date":"2019-12-09T19:30:37","date_gmt":"2019-12-09T18:30:37","guid":{"rendered":"http:\/\/agora.xtec.cat\/esc-teresabergada\/?p=5471"},"modified":"2019-12-09T19:31:47","modified_gmt":"2019-12-09T18:31:47","slug":"la-capsa-de-la-vida-de-la-jana-2","status":"publish","type":"post","link":"https:\/\/agora.xtec.cat\/esc-teresabergada\/infantil\/la-capsa-de-la-vida-de-la-jana-2\/","title":{"rendered":"La capsa de la vida de la Jana"},"content":{"rendered":"<p>Aquesta tarda,\u00a0 la Jana i els seus pares han compartit la capsa de la vida. La Jana explicat perqu\u00e8 s\u00f3n tan importants els tresors que hi ha posat a dins.<\/p>\n<p>En primer lloc, unes faldilles de tutu i una diadema, perqu\u00e8 li encanta ballar. En segon lloc, un estri de cuina, pinzell per pintar les empanada, doncs a la Jana li agrada ajudar a cuinar als seus pares. I en tercer lloc, un fonendo, perqu\u00e8 quan sigui gran vol ser metgessa i treballar amb la seva mare. Diu que tamb\u00e9 li agradaria ser perruquera , per\u00f2 la veritat,\u00a0 \u00e9s que sigui el que sigui, ser\u00e0 una GRAN professional perqu\u00e8 a hores d\u00b4ara ja \u00e9s una GRAN persona !<\/p>\n<p>Finalment, hem ballat plegats una can\u00e7\u00f3 que li agrada molt a la Jana: &#8220;La castanyera&#8221;.<\/p>\n<p>Des d\u00b4aqu\u00ed volem donar les gr\u00e0cies a la Nat\u00e0lia i al Santi per a compartir aquests moments plegats.<\/p>\n<p>Si cliqueu damunt de la imatge veureu un petit recull fotogr\u00e0fic.<\/p>\n<p><a href=\"https:\/\/photos.app.goo.gl\/2dHo7afP9Uzcy4wdA\"><img loading=\"lazy\" decoding=\"async\" class=\"alignnone size-full wp-image-5472\" src=\"https:\/\/agora.xtec.cat\/esc-teresabergada\/wp-content\/uploads\/usu1533\/2019\/12\/20191209_153018.jpg\" alt=\"\" width=\"851\" height=\"638\" \/><\/a><\/p>\n","protected":false},"excerpt":{"rendered":"<p>Aquesta tarda,\u00a0 la Jana i els seus pares han compartit la capsa de la vida. La Jana explicat perqu\u00e8 s\u00f3n tan importants els tresors que hi ha posat a dins.<br \/>\nEn primer lloc, unes faldilles de tutu i una diadema, perqu\u00e8 li encanta ballar. En segon&hellip;  <a href=\"https:\/\/agora.xtec.cat\/esc-teresabergada\/infantil\/la-capsa-de-la-vida-de-la-jana-2\/\" title=\"Read La capsa de la vida de la Jana\">Llegeix m\u00e9s\u00bb<\/a><\/p>\n","protected":false},"author":1,"featured_media":0,"comment_status":"open","ping_status":"closed","sticky":false,"template":"","format":"standard","meta":{"_bbp_topic_count":0,"_bbp_reply_count":0,"_bbp_total_topic_count":0,"_bbp_total_reply_count":0,"_bbp_voice_count":0,"_bbp_anonymous_reply_count":0,"_bbp_topic_count_hidden":0,"_bbp_reply_count_hidden":0,"_bbp_forum_subforum_count":0,"footnotes":""},"categories":[236,2],"tags":[121],"class_list":["post-5471","post","type-post","status-publish","format-standard","hentry","category-i4","category-infantil","tag-educacio-infantil"],"post_mailing_queue_ids":[],"_links":{"self":[{"href":"https:\/\/agora.xtec.cat\/esc-teresabergada\/wp-json\/wp\/v2\/posts\/5471","targetHints":{"allow":["GET"]}}],"collection":[{"href":"https:\/\/agora.xtec.cat\/esc-teresabergada\/wp-json\/wp\/v2\/posts"}],"about":[{"href":"https:\/\/agora.xtec.cat\/esc-teresabergada\/wp-json\/wp\/v2\/types\/post"}],"author":[{"embeddable":true,"href":"https:\/\/agora.xtec.cat\/esc-teresabergada\/wp-json\/wp\/v2\/users\/1"}],"replies":[{"embeddable":true,"href":"https:\/\/agora.xtec.cat\/esc-teresabergada\/wp-json\/wp\/v2\/comments?post=5471"}],"version-history":[{"count":1,"href":"https:\/\/agora.xtec.cat\/esc-teresabergada\/wp-json\/wp\/v2\/posts\/5471\/revisions"}],"predecessor-version":[{"id":5473,"href":"https:\/\/agora.xtec.cat\/esc-teresabergada\/wp-json\/wp\/v2\/posts\/5471\/revisions\/5473"}],"wp:attachment":[{"href":"https:\/\/agora.xtec.cat\/esc-teresabergada\/wp-json\/wp\/v2\/media?parent=5471"}],"wp:term":[{"taxonomy":"category","embeddable":true,"href":"https:\/\/agora.xtec.cat\/esc-teresabergada\/wp-json\/wp\/v2\/categories?post=5471"},{"taxonomy":"post_tag","embeddable":true,"href":"https:\/\/agora.xtec.cat\/esc-teresabergada\/wp-json\/wp\/v2\/tags?post=5471"}],"curies":[{"name":"wp","href":"https:\/\/api.w.org\/{rel}","templated":true}]}}