{"id":5443,"date":"2019-12-06T08:26:35","date_gmt":"2019-12-06T07:26:35","guid":{"rendered":"http:\/\/agora.xtec.cat\/esc-teresabergada\/?p=5443"},"modified":"2019-12-07T03:01:30","modified_gmt":"2019-12-07T02:01:30","slug":"exposem-maquetes-del-cos-huma","status":"publish","type":"post","link":"https:\/\/agora.xtec.cat\/esc-teresabergada\/general\/exposem-maquetes-del-cos-huma\/","title":{"rendered":"EXPOSEM MAQUETES DEL COS HUM\u00c0"},"content":{"rendered":"<p style=\"text-align: justify\">Aquesta setmana a la nostra classe hem comen\u00e7at a exposar els treballs dels diferents aparells del cos hum\u00e0. Cada grup ha elaborat unes maquetes amb diversos materials: plastilina, cartrons, porexpan, vern\u00eds, palletes&#8230;A m\u00e9s a m\u00e9s, hem hagut de fer una presentaci\u00f3 en format PowerPoint i a trav\u00e9s de diferents diapositives hem donat m\u00e9s informaci\u00f3 dels \u00f2rgans i aparells del nostre cos.<\/p>\n<p style=\"text-align: justify\">Aquets treballs ens ajuden a aprendre i al mateix temps ens ensenyen a compartir amb els companys\/es el nostre proc\u00e8s d&#8217;aprenentatge.<\/p>\n<p>Izan i Derek<\/p>\n<p><img loading=\"lazy\" decoding=\"async\" class=\"aligncenter wp-image-5467 size-large\" src=\"https:\/\/agora.xtec.cat\/esc-teresabergada\/wp-content\/uploads\/usu1533\/2019\/12\/4328387d-754d-4252-bc4b-50c692a37d78-1-1024x768.jpg\" alt=\"\" width=\"1024\" height=\"768\" srcset=\"https:\/\/agora.xtec.cat\/esc-teresabergada\/wp-content\/uploads\/usu1533\/2019\/12\/4328387d-754d-4252-bc4b-50c692a37d78-1-1024x768.jpg 1024w, https:\/\/agora.xtec.cat\/esc-teresabergada\/wp-content\/uploads\/usu1533\/2019\/12\/4328387d-754d-4252-bc4b-50c692a37d78-1-300x225.jpg 300w, https:\/\/agora.xtec.cat\/esc-teresabergada\/wp-content\/uploads\/usu1533\/2019\/12\/4328387d-754d-4252-bc4b-50c692a37d78-1-768x576.jpg 768w, https:\/\/agora.xtec.cat\/esc-teresabergada\/wp-content\/uploads\/usu1533\/2019\/12\/4328387d-754d-4252-bc4b-50c692a37d78-1-200x150.jpg 200w, https:\/\/agora.xtec.cat\/esc-teresabergada\/wp-content\/uploads\/usu1533\/2019\/12\/4328387d-754d-4252-bc4b-50c692a37d78-1.jpg 2048w\" sizes=\"auto, (max-width: 1024px) 100vw, 1024px\" \/><\/p>\n","protected":false},"excerpt":{"rendered":"<p>Aquesta setmana a la nostra classe hem comen\u00e7at a exposar els treballs dels diferents aparells del cos hum\u00e0. Cada grup ha elaborat unes maquetes amb diversos materials: plastilina, cartrons, porexpan, vern\u00eds, palletes&#8230;A m\u00e9s a m\u00e9s, hem hagut de fer una presentaci\u00f3 en format PowerPoint i&hellip;  <a href=\"https:\/\/agora.xtec.cat\/esc-teresabergada\/general\/exposem-maquetes-del-cos-huma\/\" title=\"Read EXPOSEM MAQUETES DEL COS HUM\u00c0\">Llegeix m\u00e9s\u00bb<\/a><\/p>\n","protected":false},"author":32,"featured_media":5467,"comment_status":"open","ping_status":"closed","sticky":false,"template":"","format":"standard","meta":{"_bbp_topic_count":0,"_bbp_reply_count":0,"_bbp_total_topic_count":0,"_bbp_total_reply_count":0,"_bbp_voice_count":0,"_bbp_anonymous_reply_count":0,"_bbp_topic_count_hidden":0,"_bbp_reply_count_hidden":0,"_bbp_forum_subforum_count":0,"footnotes":""},"categories":[1],"tags":[],"class_list":["post-5443","post","type-post","status-publish","format-standard","has-post-thumbnail","hentry","category-general"],"post_mailing_queue_ids":[],"_links":{"self":[{"href":"https:\/\/agora.xtec.cat\/esc-teresabergada\/wp-json\/wp\/v2\/posts\/5443","targetHints":{"allow":["GET"]}}],"collection":[{"href":"https:\/\/agora.xtec.cat\/esc-teresabergada\/wp-json\/wp\/v2\/posts"}],"about":[{"href":"https:\/\/agora.xtec.cat\/esc-teresabergada\/wp-json\/wp\/v2\/types\/post"}],"author":[{"embeddable":true,"href":"https:\/\/agora.xtec.cat\/esc-teresabergada\/wp-json\/wp\/v2\/users\/32"}],"replies":[{"embeddable":true,"href":"https:\/\/agora.xtec.cat\/esc-teresabergada\/wp-json\/wp\/v2\/comments?post=5443"}],"version-history":[{"count":3,"href":"https:\/\/agora.xtec.cat\/esc-teresabergada\/wp-json\/wp\/v2\/posts\/5443\/revisions"}],"predecessor-version":[{"id":5470,"href":"https:\/\/agora.xtec.cat\/esc-teresabergada\/wp-json\/wp\/v2\/posts\/5443\/revisions\/5470"}],"wp:featuredmedia":[{"embeddable":true,"href":"https:\/\/agora.xtec.cat\/esc-teresabergada\/wp-json\/wp\/v2\/media\/5467"}],"wp:attachment":[{"href":"https:\/\/agora.xtec.cat\/esc-teresabergada\/wp-json\/wp\/v2\/media?parent=5443"}],"wp:term":[{"taxonomy":"category","embeddable":true,"href":"https:\/\/agora.xtec.cat\/esc-teresabergada\/wp-json\/wp\/v2\/categories?post=5443"},{"taxonomy":"post_tag","embeddable":true,"href":"https:\/\/agora.xtec.cat\/esc-teresabergada\/wp-json\/wp\/v2\/tags?post=5443"}],"curies":[{"name":"wp","href":"https:\/\/api.w.org\/{rel}","templated":true}]}}