{"id":5436,"date":"2019-12-03T12:49:03","date_gmt":"2019-12-03T11:49:03","guid":{"rendered":"http:\/\/agora.xtec.cat\/esc-teresabergada\/?p=5436"},"modified":"2019-12-03T12:49:03","modified_gmt":"2019-12-03T11:49:03","slug":"els-sentits-i-el-sistema-nervios-periferic","status":"publish","type":"post","link":"https:\/\/agora.xtec.cat\/esc-teresabergada\/blocs-de-primaria\/6e\/els-sentits-i-el-sistema-nervios-periferic\/","title":{"rendered":"ELS SENTITS I EL SISTEMA NERVI\u00d3S PERIF\u00c8RIC"},"content":{"rendered":"<p style=\"text-align: justify;\"><span style=\"font-weight: 400;\">Ahir a la tarda els i les alumnes de 5\u00e8 vam fer unes activitats relacionades amb els 5 sentits. Vam fer equips cooperatius i hav\u00edem de passar per cinc estacions.En cada una d\u2019elles es treballava un sentit.<\/span><\/p>\n<p style=\"text-align: justify;\"><span style=\"font-weight: 400;\">Una de les activitats anava sobre el <\/span><span style=\"font-weight: 400;\">tacte<\/span><span style=\"font-weight: 400;\">. Hav\u00edem d\u2019endevinar quins objectes hi havia dins d\u2019una bossa nom\u00e9s tocant-los. <\/span><span style=\"font-weight: 400;\">L\u2019activitat del <\/span><span style=\"font-weight: 400;\">gust<\/span><span style=\"font-weight: 400;\"> consistia en endevinar quin era l\u2019ingredient intr\u00fas d\u2019una recepta. Per aix\u00f2 ens vam tapar els ulls i vam anar provant diferents aliments. <\/span><span style=\"font-weight: 400;\">A l\u2019activitat de l\u2019<\/span><span style=\"font-weight: 400;\">o\u00efda<\/span><span style=\"font-weight: 400;\"> vam escoltar diferents can\u00e7ons i hav\u00edem d\u2019escriure en qu\u00e8 pensavem mentre l\u2019escolt\u00e0vem.<\/span><span style=\"font-weight: 400;\">A l\u2019activitat de la vista vam desxifrar un codi secret.<\/span><span style=\"font-weight: 400;\">Finalment l\u2019\u00faltima activitat \u00e9rem nosaltres que hav\u00edem de pensar una activitat relacionada amb el sentit de l\u2019olfacte.<\/span><\/p>\n<p style=\"text-align: justify;\"><span style=\"font-weight: 400;\">A mi em va agradar molt aquesta experi\u00e8ncia, li dono un 10 de 10.<\/span><\/p>\n<p><a href=\"https:\/\/photos.app.goo.gl\/Zcn7xnWgdwRQQwPs7\" target=\"_blank\" rel=\"noopener noreferrer\"><img loading=\"lazy\" decoding=\"async\" class=\"aligncenter wp-image-5437 size-medium\" src=\"https:\/\/agora.xtec.cat\/esc-teresabergada\/wp-content\/uploads\/usu1533\/2019\/12\/IMG_2394-300x225.jpg\" alt=\"\" width=\"300\" height=\"225\" \/><\/a><\/p>\n<p>Alex i Roger<\/p>\n","protected":false},"excerpt":{"rendered":"<p>Ahir a la tarda els i les alumnes de 5\u00e8 vam fer unes activitats relacionades amb els 5 sentits. Vam fer equips cooperatius i hav\u00edem de passar per cinc estacions.En cada una d\u2019elles es treballava un sentit.<br \/>\nUna de les activitats anava sobre el tacte. Hav\u00edem&hellip;  <a href=\"https:\/\/agora.xtec.cat\/esc-teresabergada\/blocs-de-primaria\/6e\/els-sentits-i-el-sistema-nervios-periferic\/\" title=\"Read ELS SENTITS I EL SISTEMA NERVI\u00d3S PERIF\u00c8RIC\">Llegeix m\u00e9s\u00bb<\/a><\/p>\n","protected":false},"author":1,"featured_media":0,"comment_status":"open","ping_status":"closed","sticky":false,"template":"","format":"standard","meta":{"_bbp_topic_count":0,"_bbp_reply_count":0,"_bbp_total_topic_count":0,"_bbp_total_reply_count":0,"_bbp_voice_count":0,"_bbp_anonymous_reply_count":0,"_bbp_topic_count_hidden":0,"_bbp_reply_count_hidden":0,"_bbp_forum_subforum_count":0,"footnotes":""},"categories":[240],"tags":[442,450,172,449],"class_list":["post-5436","post","type-post","status-publish","format-standard","hentry","category-6e","tag-cos-huma","tag-equips-cooperatius","tag-medi","tag-sentits"],"post_mailing_queue_ids":[],"_links":{"self":[{"href":"https:\/\/agora.xtec.cat\/esc-teresabergada\/wp-json\/wp\/v2\/posts\/5436","targetHints":{"allow":["GET"]}}],"collection":[{"href":"https:\/\/agora.xtec.cat\/esc-teresabergada\/wp-json\/wp\/v2\/posts"}],"about":[{"href":"https:\/\/agora.xtec.cat\/esc-teresabergada\/wp-json\/wp\/v2\/types\/post"}],"author":[{"embeddable":true,"href":"https:\/\/agora.xtec.cat\/esc-teresabergada\/wp-json\/wp\/v2\/users\/1"}],"replies":[{"embeddable":true,"href":"https:\/\/agora.xtec.cat\/esc-teresabergada\/wp-json\/wp\/v2\/comments?post=5436"}],"version-history":[{"count":1,"href":"https:\/\/agora.xtec.cat\/esc-teresabergada\/wp-json\/wp\/v2\/posts\/5436\/revisions"}],"predecessor-version":[{"id":5438,"href":"https:\/\/agora.xtec.cat\/esc-teresabergada\/wp-json\/wp\/v2\/posts\/5436\/revisions\/5438"}],"wp:attachment":[{"href":"https:\/\/agora.xtec.cat\/esc-teresabergada\/wp-json\/wp\/v2\/media?parent=5436"}],"wp:term":[{"taxonomy":"category","embeddable":true,"href":"https:\/\/agora.xtec.cat\/esc-teresabergada\/wp-json\/wp\/v2\/categories?post=5436"},{"taxonomy":"post_tag","embeddable":true,"href":"https:\/\/agora.xtec.cat\/esc-teresabergada\/wp-json\/wp\/v2\/tags?post=5436"}],"curies":[{"name":"wp","href":"https:\/\/api.w.org\/{rel}","templated":true}]}}