{"id":5424,"date":"2019-11-30T16:35:17","date_gmt":"2019-11-30T15:35:17","guid":{"rendered":"http:\/\/agora.xtec.cat\/esc-teresabergada\/?p=5424"},"modified":"2020-09-07T17:43:49","modified_gmt":"2020-09-07T15:43:49","slug":"tarda-de-land-art","status":"publish","type":"post","link":"https:\/\/agora.xtec.cat\/esc-teresabergada\/blocs-de-primaria\/2n\/tarda-de-land-art\/","title":{"rendered":"Tarda de LAND ART"},"content":{"rendered":"<p>Crear obres de <em><strong>Land Art<\/strong><\/em> o <em><strong>art de la terra<\/strong><\/em> \u00e9s crear obres art\u00edstiques exclusivament amb elements naturals de l\u2019entorn, i una oportunitat per afavorir el contacte i la connexi\u00f3 dels infants amb la natura. \u00c9s una experi\u00e8ncia de creaci\u00f3 que vincula l\u2019art i les emocions amb el descobriment i l\u2019estima de la natura i obre la porta de l\u2019art contemporani a la seva experi\u00e8ncia.<\/p>\n<p>Aquest divendres, vam tancat els tallers d\u2019art de cicle inicial del primer trimestre amb una sessi\u00f3 de Land Art. Aprofitant els darrers dies de Tardor, els coneixements que molts dels nostres alumnes ja tenien sobre aquesta corrent d\u2019art contemporani i connectant-los amb les seves viv\u00e8ncies, vam sortir a l\u2019exterior de l\u2019aula per convertir-nos en aut\u00e8ntic artistes LAND ART.<\/p>\n<p>Va ser una activitat que buscava desenvolupar la creativitat, la capacitat d\u2019observaci\u00f3, l\u2019autonomia, el respecte per la natura, el treball en equip, la iniciativa, aix\u00ed com valorar els element significatius de la contemporane\u00eftat art\u00edstica. Vam aprendre tots molt, i vam disfrutar altre cop de la riquesa que ens ofereix la Natura. <em><strong>CUIDEM-LA!!<\/strong><\/em><\/p>\n<p><a href=\"https:\/\/photos.google.com\/u\/0\/share\/AF1QipNMzC8vMNb8Mp7kbqaKElm3GKVxrdIEAq7Zv1yLIjPrQHiMmnR12S_2mHm8nfIpzw?key=MVlFYzhNOGliOWFVcmRoeG03WnVTTmZuN3ZsdTBn\">Al seg\u00fcent enlla\u00e7 podeu veure algunes imatges de la nostra tarda Land Art .<\/a><\/p>\n","protected":false},"excerpt":{"rendered":"<p>Crear obres de Land Art o art de la terra \u00e9s crear obres art\u00edstiques exclusivament amb elements naturals de l\u2019entorn, i una oportunitat per afavorir el contacte i la connexi\u00f3 dels infants amb la natura. \u00c9s una experi\u00e8ncia de creaci\u00f3 que vincula l\u2019art i les&hellip;  <a href=\"https:\/\/agora.xtec.cat\/esc-teresabergada\/blocs-de-primaria\/2n\/tarda-de-land-art\/\" title=\"Read Tarda de LAND ART\">Llegeix m\u00e9s\u00bb<\/a><\/p>\n","protected":false},"author":1,"featured_media":0,"comment_status":"open","ping_status":"closed","sticky":false,"template":"","format":"standard","meta":{"_bbp_topic_count":0,"_bbp_reply_count":0,"_bbp_total_topic_count":0,"_bbp_total_reply_count":0,"_bbp_voice_count":0,"_bbp_anonymous_reply_count":0,"_bbp_topic_count_hidden":0,"_bbp_reply_count_hidden":0,"_bbp_forum_subforum_count":0,"footnotes":""},"categories":[153,238],"tags":[],"class_list":["post-5424","post","type-post","status-publish","format-standard","hentry","category-2n","category-3r"],"post_mailing_queue_ids":[],"_links":{"self":[{"href":"https:\/\/agora.xtec.cat\/esc-teresabergada\/wp-json\/wp\/v2\/posts\/5424","targetHints":{"allow":["GET"]}}],"collection":[{"href":"https:\/\/agora.xtec.cat\/esc-teresabergada\/wp-json\/wp\/v2\/posts"}],"about":[{"href":"https:\/\/agora.xtec.cat\/esc-teresabergada\/wp-json\/wp\/v2\/types\/post"}],"author":[{"embeddable":true,"href":"https:\/\/agora.xtec.cat\/esc-teresabergada\/wp-json\/wp\/v2\/users\/1"}],"replies":[{"embeddable":true,"href":"https:\/\/agora.xtec.cat\/esc-teresabergada\/wp-json\/wp\/v2\/comments?post=5424"}],"version-history":[{"count":2,"href":"https:\/\/agora.xtec.cat\/esc-teresabergada\/wp-json\/wp\/v2\/posts\/5424\/revisions"}],"predecessor-version":[{"id":5427,"href":"https:\/\/agora.xtec.cat\/esc-teresabergada\/wp-json\/wp\/v2\/posts\/5424\/revisions\/5427"}],"wp:attachment":[{"href":"https:\/\/agora.xtec.cat\/esc-teresabergada\/wp-json\/wp\/v2\/media?parent=5424"}],"wp:term":[{"taxonomy":"category","embeddable":true,"href":"https:\/\/agora.xtec.cat\/esc-teresabergada\/wp-json\/wp\/v2\/categories?post=5424"},{"taxonomy":"post_tag","embeddable":true,"href":"https:\/\/agora.xtec.cat\/esc-teresabergada\/wp-json\/wp\/v2\/tags?post=5424"}],"curies":[{"name":"wp","href":"https:\/\/api.w.org\/{rel}","templated":true}]}}