{"id":541,"date":"2016-11-22T11:27:36","date_gmt":"2016-11-22T10:27:36","guid":{"rendered":"http:\/\/agora.xtec.cat\/esc-teresabergada\/?p=541"},"modified":"2016-11-22T17:46:23","modified_gmt":"2016-11-22T16:46:23","slug":"exposicio-dona-la-volta-del-residu-al-recurs","status":"publish","type":"post","link":"https:\/\/agora.xtec.cat\/esc-teresabergada\/general\/exposicio-dona-la-volta-del-residu-al-recurs\/","title":{"rendered":"EXPOSICI\u00d3 \u201cD\u00d3NA LA VOLTA. DEL RESIDU AL RECURS\u201d"},"content":{"rendered":"<p>Des del dia 18 i fins al 28 de novembre, coincidint amb la setmana Europea del Reciclatge, tenim una exposici\u00f3 al hall de l\u2019escola sobre \u201cD\u00f3na la volta. Del residu al recurs\u201d. Aquesta exposici\u00f3, facilitada per l\u2019Ag\u00e8ncia de residus de Catalunya, consta de 5 elements que en forma de contenidors circulars (un pel vidre, un pel paper i cartr\u00f3, un per les llaunes i envasos, un per la fracci\u00f3 org\u00e0nica i un per la fracci\u00f3 resta) exposen els productes elaborats a partir del materials reciclats que es recullen en els contenidors respectius. Tamb\u00e9 hi ha un joc interactiu sobre la correcta gesti\u00f3 dels residus.<\/p>\n<p>&nbsp;<\/p>\n<p>D\u2019una forma l\u00fadica i divertida ajuda a comunicar els conceptes b\u00e0sics de la recollida selectiva i les actituds que fomenten la prevenci\u00f3 en la generaci\u00f3 de residus. Aix\u00ed com ajuda a con\u00e8ixer com es realitza la separaci\u00f3, en origen dels residus.<\/p>\n","protected":false},"excerpt":{"rendered":"<p>Des del dia 18 i fins al 28 de novembre, coincidint amb la setmana Europea del Reciclatge, tenim una exposici\u00f3 al hall de l\u2019escola sobre \u201cD\u00f3na la volta. Del residu al recurs\u201d. Aquesta exposici\u00f3, facilitada per l\u2019Ag\u00e8ncia de residus de Catalunya, consta de 5 elements&hellip;  <a href=\"https:\/\/agora.xtec.cat\/esc-teresabergada\/general\/exposicio-dona-la-volta-del-residu-al-recurs\/\" title=\"Read EXPOSICI\u00d3 \u201cD\u00d3NA LA VOLTA. DEL RESIDU AL RECURS\u201d\">Llegeix m\u00e9s\u00bb<\/a><\/p>\n","protected":false},"author":1,"featured_media":556,"comment_status":"open","ping_status":"open","sticky":false,"template":"","format":"standard","meta":{"_bbp_topic_count":0,"_bbp_reply_count":0,"_bbp_total_topic_count":0,"_bbp_total_reply_count":0,"_bbp_voice_count":0,"_bbp_anonymous_reply_count":0,"_bbp_topic_count_hidden":0,"_bbp_reply_count_hidden":0,"_bbp_forum_subforum_count":0,"footnotes":""},"categories":[1,2,4],"tags":[77,76,75],"class_list":["post-541","post","type-post","status-publish","format-standard","has-post-thumbnail","hentry","category-general","category-infantil","category-portada","tag-escola","tag-exposicio","tag-reciclatge"],"post_mailing_queue_ids":[],"_links":{"self":[{"href":"https:\/\/agora.xtec.cat\/esc-teresabergada\/wp-json\/wp\/v2\/posts\/541","targetHints":{"allow":["GET"]}}],"collection":[{"href":"https:\/\/agora.xtec.cat\/esc-teresabergada\/wp-json\/wp\/v2\/posts"}],"about":[{"href":"https:\/\/agora.xtec.cat\/esc-teresabergada\/wp-json\/wp\/v2\/types\/post"}],"author":[{"embeddable":true,"href":"https:\/\/agora.xtec.cat\/esc-teresabergada\/wp-json\/wp\/v2\/users\/1"}],"replies":[{"embeddable":true,"href":"https:\/\/agora.xtec.cat\/esc-teresabergada\/wp-json\/wp\/v2\/comments?post=541"}],"version-history":[{"count":1,"href":"https:\/\/agora.xtec.cat\/esc-teresabergada\/wp-json\/wp\/v2\/posts\/541\/revisions"}],"predecessor-version":[{"id":542,"href":"https:\/\/agora.xtec.cat\/esc-teresabergada\/wp-json\/wp\/v2\/posts\/541\/revisions\/542"}],"wp:featuredmedia":[{"embeddable":true,"href":"https:\/\/agora.xtec.cat\/esc-teresabergada\/wp-json\/wp\/v2\/media\/556"}],"wp:attachment":[{"href":"https:\/\/agora.xtec.cat\/esc-teresabergada\/wp-json\/wp\/v2\/media?parent=541"}],"wp:term":[{"taxonomy":"category","embeddable":true,"href":"https:\/\/agora.xtec.cat\/esc-teresabergada\/wp-json\/wp\/v2\/categories?post=541"},{"taxonomy":"post_tag","embeddable":true,"href":"https:\/\/agora.xtec.cat\/esc-teresabergada\/wp-json\/wp\/v2\/tags?post=541"}],"curies":[{"name":"wp","href":"https:\/\/api.w.org\/{rel}","templated":true}]}}