{"id":5402,"date":"2019-11-28T19:50:28","date_gmt":"2019-11-28T18:50:28","guid":{"rendered":"http:\/\/agora.xtec.cat\/esc-teresabergada\/?p=5402"},"modified":"2020-09-07T18:04:22","modified_gmt":"2020-09-07T16:04:22","slug":"apadrinament-lector-p5-4t","status":"publish","type":"post","link":"https:\/\/agora.xtec.cat\/esc-teresabergada\/general\/apadrinament-lector-p5-4t\/","title":{"rendered":"Apadrinament lector P5-4T"},"content":{"rendered":"<p>Com cada curs, els nens i nenes de quart de l&#8217;escola fem de padrins de lectura dels alumnes de P5. Aix\u00ed, el passat octubre es va dur a terme l&#8217;Acte oficial d&#8217;Inauguraci\u00f3 de l&#8217;Apadrinament Lector entre P5 i 4t de l&#8217;escola. Com que som dos grups de 4t, la meitat del grup de P5 \u00e9s fillol de 4t A, i l&#8217;altra meitat, de 4t B.<\/p>\n<p>Arribat el dia de l&#8217;Acte oficial, i despr\u00e9s d&#8217;haver llegit amb calma i haver-nos fet conscients de qu\u00e8 volia dir el contracte que hav\u00edem de signar, tots i totes vam acceptar els compromisos que aquell document ens proposava.<\/p>\n<p>Cada quinze dies, els dimecres els de 4t B, i els divendres els de 4t A, amb la hist\u00f2ria ben preparada, van a apadrinar la lectura dels seus fillols i les seves filloles, que estan vivint un moment tan i tan important com \u00e9s l&#8217;aprenentatge de la lectoescriptura. Esperem que tots ho visquin de la millor manera i puguin compartir plegats aquestes estones tan enriquidores.<\/p>\n<p>Cliqueu a la imatge per poder veure un petit recull d&#8217;imatges.<\/p>\n<p><a href=\"https:\/\/photos.app.goo.gl\/gBGuXZ7hZtp1bmT58\"><img loading=\"lazy\" decoding=\"async\" class=\"size-full wp-image-5411 aligncenter\" src=\"https:\/\/agora.xtec.cat\/esc-teresabergada\/wp-content\/uploads\/usu1533\/2019\/11\/apadrinament-lector4tp5.jpg\" alt=\"\" width=\"1023\" height=\"376\" \/><\/a><\/p>\n","protected":false},"excerpt":{"rendered":"<p>Com cada curs, els nens i nenes de quart de l&#8217;escola fem de padrins de lectura dels alumnes de P5. Aix\u00ed, el passat octubre es va dur a terme l&#8217;Acte oficial d&#8217;Inauguraci\u00f3 de l&#8217;Apadrinament Lector entre P5 i 4t de l&#8217;escola. Com que som dos&hellip;  <a href=\"https:\/\/agora.xtec.cat\/esc-teresabergada\/general\/apadrinament-lector-p5-4t\/\" title=\"Read Apadrinament lector P5-4T\">Llegeix m\u00e9s\u00bb<\/a><\/p>\n","protected":false},"author":37,"featured_media":0,"comment_status":"open","ping_status":"closed","sticky":false,"template":"","format":"standard","meta":{"_bbp_topic_count":0,"_bbp_reply_count":0,"_bbp_total_topic_count":0,"_bbp_total_reply_count":0,"_bbp_voice_count":0,"_bbp_anonymous_reply_count":0,"_bbp_topic_count_hidden":0,"_bbp_reply_count_hidden":0,"_bbp_forum_subforum_count":0,"footnotes":""},"categories":[348,349,1],"tags":[],"class_list":["post-5402","post","type-post","status-publish","format-standard","hentry","category-1r","category-5e","category-general"],"post_mailing_queue_ids":[],"_links":{"self":[{"href":"https:\/\/agora.xtec.cat\/esc-teresabergada\/wp-json\/wp\/v2\/posts\/5402","targetHints":{"allow":["GET"]}}],"collection":[{"href":"https:\/\/agora.xtec.cat\/esc-teresabergada\/wp-json\/wp\/v2\/posts"}],"about":[{"href":"https:\/\/agora.xtec.cat\/esc-teresabergada\/wp-json\/wp\/v2\/types\/post"}],"author":[{"embeddable":true,"href":"https:\/\/agora.xtec.cat\/esc-teresabergada\/wp-json\/wp\/v2\/users\/37"}],"replies":[{"embeddable":true,"href":"https:\/\/agora.xtec.cat\/esc-teresabergada\/wp-json\/wp\/v2\/comments?post=5402"}],"version-history":[{"count":3,"href":"https:\/\/agora.xtec.cat\/esc-teresabergada\/wp-json\/wp\/v2\/posts\/5402\/revisions"}],"predecessor-version":[{"id":5412,"href":"https:\/\/agora.xtec.cat\/esc-teresabergada\/wp-json\/wp\/v2\/posts\/5402\/revisions\/5412"}],"wp:attachment":[{"href":"https:\/\/agora.xtec.cat\/esc-teresabergada\/wp-json\/wp\/v2\/media?parent=5402"}],"wp:term":[{"taxonomy":"category","embeddable":true,"href":"https:\/\/agora.xtec.cat\/esc-teresabergada\/wp-json\/wp\/v2\/categories?post=5402"},{"taxonomy":"post_tag","embeddable":true,"href":"https:\/\/agora.xtec.cat\/esc-teresabergada\/wp-json\/wp\/v2\/tags?post=5402"}],"curies":[{"name":"wp","href":"https:\/\/api.w.org\/{rel}","templated":true}]}}