{"id":5395,"date":"2019-11-27T23:09:56","date_gmt":"2019-11-27T22:09:56","guid":{"rendered":"http:\/\/agora.xtec.cat\/esc-teresabergada\/?p=5395"},"modified":"2019-11-28T00:06:42","modified_gmt":"2019-11-27T23:06:42","slug":"el-cicle-de-la-vida-i-la-mort","status":"publish","type":"post","link":"https:\/\/agora.xtec.cat\/esc-teresabergada\/portada\/el-cicle-de-la-vida-i-la-mort\/","title":{"rendered":"El cicle de la vida i la mort"},"content":{"rendered":"<p>Darrerament, la comunitat educativa de l\u00b4escola estem explorant l\u00b4univers de l\u00b4infant relacionat el cicle\u00a0 de la\u00a0 vida i la mort.<\/p>\n<p>Quan neixem tenim la certesa que hem de morir. La mort \u00e9s inherent a la vida. Per\u00f2 sovint \u00e9s un tema tab\u00fa a la nostra societat, vivim d\u00b4esquena al que ens pugui passar.<\/p>\n<p>Els experts ens alerten que la desprotecci\u00f3 m\u00e9s gran i angoixant de l\u00b4infant \u00e9s no tenir cap experi\u00e8ncia relacionada amb el tema, perqu\u00e8 aleshores no t\u00e9 cap \u201ctest\u201d per a posar la llavor o experi\u00e8ncia el dia que li arribi una p\u00e8rdua, i es troba com un n\u00e0ufrag enmig del dolor i la incertesa.<\/p>\n<p>Lamentablement tenim infants que estan passant per un proc\u00e9s de dol. Des de l\u00b4escola volem aprendre a acompanyar el dol a qui ho necessiti. Tamb\u00e9 aprendre a integrar la mort a la vida per poder viure m\u00e9s plenament el dia a dia.<\/p>\n<p>Per aix\u00f2,\u00a0 estem rebent un assessorament pel Grup de Dol de Ponent\u00a0 i ens sentim m\u00e9s preparats i empoderats perqu\u00e8 a les aules puguin fluir les converses relacionades amb el tema a trav\u00e9s dels curts, contes i experi\u00e8ncies del qui les vol compartir.<\/p>\n<p>Heus aqu\u00ed un dels curts que hem projectat a diverses aules:<\/p>\n<p><iframe loading=\"lazy\" title=\"Malaika La Princesa - Pel\u00edcula Completa HD\" width=\"500\" height=\"281\" src=\"https:\/\/www.youtube.com\/embed\/T0uJrBGUKbU?feature=oembed\" frameborder=\"0\" allow=\"accelerometer; autoplay; clipboard-write; encrypted-media; gyroscope; picture-in-picture; web-share\" referrerpolicy=\"strict-origin-when-cross-origin\" allowfullscreen><\/iframe><\/p>\n<p>&nbsp;<\/p>\n<p>Mentre\u00a0 RE\u00a0\u00a0 COR<img loading=\"lazy\" decoding=\"async\" class=\"\" src=\"https:\/\/image.shutterstock.com\/image-vector\/vector-love-icon-260nw-789617149.jpg\" alt=\"Imatge relacionada\" width=\"21\" height=\"23\" \/><span style=\"font-family: inherit;font-size: 1em\">\u00a0 <\/span><span style=\"font-family: inherit;font-size: 1em\">DEM\u00a0 als \u00e9ssers estimats els fem vius dins nostre.<\/span><\/p>\n<p>&nbsp;<\/p>\n<p><iframe loading=\"lazy\" title=\"Txarango - Et recordo (Audio Oficial)\" width=\"500\" height=\"281\" src=\"https:\/\/www.youtube.com\/embed\/jSv_UyiPMZY?feature=oembed\" frameborder=\"0\" allow=\"accelerometer; autoplay; clipboard-write; encrypted-media; gyroscope; picture-in-picture; web-share\" referrerpolicy=\"strict-origin-when-cross-origin\" allowfullscreen><\/iframe><\/p>\n<p>&nbsp;<\/p>\n<p><a href=\"https:\/\/photos.app.goo.gl\/r51kte4kkvMc4N6p7\">Si cliqueu aqu\u00ed veureu un recull amb llibres i \u00e0lbums il.lustrats que ens poden ajudar a petits i grans a elaborar aquest complex concepte.<\/a><\/p>\n<p>Si som capa\u00e7os d\u00b4abordar col.lectivament els nostres dols podrem donar resposta a les nostres inquietuds i contribuirem a millorar el nostre proc\u00e9s de creixement personal i integral.<\/p>\n<p>&#8220;Les paraules compartides obren els cors i els uneixen.<\/p>\n<p>Aleshores el nostre dol fa menys mal&#8221;.<\/p>\n<p>Alba Pay\u00e0s<\/p>\n<p>&nbsp;<\/p>\n<p>&nbsp;<\/p>\n<p>&nbsp;<\/p>\n","protected":false},"excerpt":{"rendered":"<p>Darrerament, la comunitat educativa de l\u00b4escola estem explorant l\u00b4univers de l\u00b4infant relacionat el cicle\u00a0 de la\u00a0 vida i la mort.<br \/>\nQuan neixem tenim la certesa que hem de morir. La mort \u00e9s inherent a la vida. Per\u00f2 sovint \u00e9s un tema tab\u00fa a la nostra societat,&hellip;  <a href=\"https:\/\/agora.xtec.cat\/esc-teresabergada\/portada\/el-cicle-de-la-vida-i-la-mort\/\" title=\"Read El cicle de la vida i la mort\">Llegeix m\u00e9s\u00bb<\/a><\/p>\n","protected":false},"author":1,"featured_media":0,"comment_status":"open","ping_status":"closed","sticky":false,"template":"","format":"standard","meta":{"_bbp_topic_count":0,"_bbp_reply_count":0,"_bbp_total_topic_count":0,"_bbp_total_reply_count":0,"_bbp_voice_count":0,"_bbp_anonymous_reply_count":0,"_bbp_topic_count_hidden":0,"_bbp_reply_count_hidden":0,"_bbp_forum_subforum_count":0,"footnotes":""},"categories":[4],"tags":[77],"class_list":["post-5395","post","type-post","status-publish","format-standard","hentry","category-portada","tag-escola"],"post_mailing_queue_ids":[],"_links":{"self":[{"href":"https:\/\/agora.xtec.cat\/esc-teresabergada\/wp-json\/wp\/v2\/posts\/5395","targetHints":{"allow":["GET"]}}],"collection":[{"href":"https:\/\/agora.xtec.cat\/esc-teresabergada\/wp-json\/wp\/v2\/posts"}],"about":[{"href":"https:\/\/agora.xtec.cat\/esc-teresabergada\/wp-json\/wp\/v2\/types\/post"}],"author":[{"embeddable":true,"href":"https:\/\/agora.xtec.cat\/esc-teresabergada\/wp-json\/wp\/v2\/users\/1"}],"replies":[{"embeddable":true,"href":"https:\/\/agora.xtec.cat\/esc-teresabergada\/wp-json\/wp\/v2\/comments?post=5395"}],"version-history":[{"count":4,"href":"https:\/\/agora.xtec.cat\/esc-teresabergada\/wp-json\/wp\/v2\/posts\/5395\/revisions"}],"predecessor-version":[{"id":5401,"href":"https:\/\/agora.xtec.cat\/esc-teresabergada\/wp-json\/wp\/v2\/posts\/5395\/revisions\/5401"}],"wp:attachment":[{"href":"https:\/\/agora.xtec.cat\/esc-teresabergada\/wp-json\/wp\/v2\/media?parent=5395"}],"wp:term":[{"taxonomy":"category","embeddable":true,"href":"https:\/\/agora.xtec.cat\/esc-teresabergada\/wp-json\/wp\/v2\/categories?post=5395"},{"taxonomy":"post_tag","embeddable":true,"href":"https:\/\/agora.xtec.cat\/esc-teresabergada\/wp-json\/wp\/v2\/tags?post=5395"}],"curies":[{"name":"wp","href":"https:\/\/api.w.org\/{rel}","templated":true}]}}