{"id":5391,"date":"2019-11-25T12:14:13","date_gmt":"2019-11-25T11:14:13","guid":{"rendered":"http:\/\/agora.xtec.cat\/esc-teresabergada\/?p=5391"},"modified":"2019-11-25T12:15:19","modified_gmt":"2019-11-25T11:15:19","slug":"sapropa-el-nadal","status":"publish","type":"post","link":"https:\/\/agora.xtec.cat\/esc-teresabergada\/general\/sapropa-el-nadal\/","title":{"rendered":"S&#8217;apropa el Nadal"},"content":{"rendered":"<p style=\"text-align: justify;\">Al desembre, a la nostra escola, farem moltes activitats relacionades amb el Nadal. Cantarem i ballarem can\u00e7ons al casal de el poble i ens vindran a veure les nostres fam\u00edlies. A les classes farem l&#8217;amic invisible on tots i totes rebrem regals sorpresa. A m\u00e9s a m\u00e9s, els dos \u00faltims dies de classe, abans de les vacances, tamb\u00e9 farem manualitats\u00a0 i decorarem l&#8217;espai de tota l&#8217;escola.<\/p>\n<p style=\"text-align: justify;\">Les festes de Nadal s\u00f3n molt boniques perqu\u00e8 estan plenes d&#8217;alegria i s\u00f3n molt familiars.<\/p>\n<p style=\"text-align: justify;\">Jossian\u00a0 Santos<a href=\"https:\/\/agora.xtec.cat\/esc-teresabergada\/wp-content\/uploads\/usu1533\/2019\/11\/Article-de-lescola.jpg\"><img loading=\"lazy\" decoding=\"async\" class=\"wp-image-5392 size-medium aligncenter\" src=\"https:\/\/agora.xtec.cat\/esc-teresabergada\/wp-content\/uploads\/usu1533\/2019\/11\/Article-de-lescola-300x188.jpg\" alt=\"\" width=\"300\" height=\"188\" \/><\/a><\/p>\n","protected":false},"excerpt":{"rendered":"<p>Al desembre, a la nostra escola, farem moltes activitats relacionades amb el Nadal. Cantarem i ballarem can\u00e7ons al casal de el poble i ens vindran a veure les nostres fam\u00edlies. A les classes farem l&#8217;amic invisible on tots i totes rebrem regals sorpresa. A m\u00e9s&hellip;  <a href=\"https:\/\/agora.xtec.cat\/esc-teresabergada\/general\/sapropa-el-nadal\/\" title=\"Read S&#8217;apropa el Nadal\">Llegeix m\u00e9s\u00bb<\/a><\/p>\n","protected":false},"author":1,"featured_media":0,"comment_status":"open","ping_status":"closed","sticky":false,"template":"","format":"standard","meta":{"_bbp_topic_count":0,"_bbp_reply_count":0,"_bbp_total_topic_count":0,"_bbp_total_reply_count":0,"_bbp_voice_count":0,"_bbp_anonymous_reply_count":0,"_bbp_topic_count_hidden":0,"_bbp_reply_count_hidden":0,"_bbp_forum_subforum_count":0,"footnotes":""},"categories":[1],"tags":[71],"class_list":["post-5391","post","type-post","status-publish","format-standard","hentry","category-general","tag-nadal"],"post_mailing_queue_ids":[],"_links":{"self":[{"href":"https:\/\/agora.xtec.cat\/esc-teresabergada\/wp-json\/wp\/v2\/posts\/5391","targetHints":{"allow":["GET"]}}],"collection":[{"href":"https:\/\/agora.xtec.cat\/esc-teresabergada\/wp-json\/wp\/v2\/posts"}],"about":[{"href":"https:\/\/agora.xtec.cat\/esc-teresabergada\/wp-json\/wp\/v2\/types\/post"}],"author":[{"embeddable":true,"href":"https:\/\/agora.xtec.cat\/esc-teresabergada\/wp-json\/wp\/v2\/users\/1"}],"replies":[{"embeddable":true,"href":"https:\/\/agora.xtec.cat\/esc-teresabergada\/wp-json\/wp\/v2\/comments?post=5391"}],"version-history":[{"count":2,"href":"https:\/\/agora.xtec.cat\/esc-teresabergada\/wp-json\/wp\/v2\/posts\/5391\/revisions"}],"predecessor-version":[{"id":5394,"href":"https:\/\/agora.xtec.cat\/esc-teresabergada\/wp-json\/wp\/v2\/posts\/5391\/revisions\/5394"}],"wp:attachment":[{"href":"https:\/\/agora.xtec.cat\/esc-teresabergada\/wp-json\/wp\/v2\/media?parent=5391"}],"wp:term":[{"taxonomy":"category","embeddable":true,"href":"https:\/\/agora.xtec.cat\/esc-teresabergada\/wp-json\/wp\/v2\/categories?post=5391"},{"taxonomy":"post_tag","embeddable":true,"href":"https:\/\/agora.xtec.cat\/esc-teresabergada\/wp-json\/wp\/v2\/tags?post=5391"}],"curies":[{"name":"wp","href":"https:\/\/api.w.org\/{rel}","templated":true}]}}