{"id":5370,"date":"2019-11-22T23:28:30","date_gmt":"2019-11-22T22:28:30","guid":{"rendered":"http:\/\/agora.xtec.cat\/esc-teresabergada\/?p=5370"},"modified":"2020-09-07T18:04:44","modified_gmt":"2020-09-07T16:04:44","slug":"aficions-compartides-triatlo","status":"publish","type":"post","link":"https:\/\/agora.xtec.cat\/esc-teresabergada\/general\/aficions-compartides-triatlo\/","title":{"rendered":"AFICIONS COMPARTIDES: TRIATL\u00d3"},"content":{"rendered":"<p>Durant aquest curs a P5 les fam\u00edlies poden compartir amb tots nosaltres les seves aficions. Recentment el David i el Pau ens han compartit una afici\u00f3 que fan en fam\u00edlia, es tracta del Triatl\u00f3. El triatl\u00f3 \u00e9s una prova esportiva. \u00c9s un esport que combina nataci\u00f3, ciclisme i cursa a peu. Es practica en un entorn natural. Els triatletes han d&#8217;afrontar els tres segments per aquest ordre i sense parar entre un i un altre. Ens han portat les bicicletes que ells tenen i tamb\u00e9 material divers que es necessita per practicar aquest esport. Ha estat molt interessant i ens ha agradat molt.<\/p>\n<p>Cliqueu a la imatge.<\/p>\n<figure class=\"figure wp-caption alignnone\"><a href=\"https:\/\/photos.app.goo.gl\/AvB8kMHpDJM1etiA9\"><img loading=\"lazy\" decoding=\"async\" class=\"size-large wp-image-5354\" src=\"https:\/\/agora.xtec.cat\/esc-teresabergada\/wp-content\/uploads\/usu1533\/2019\/11\/IMG_20191115_152728-1024x768.jpg\" alt=\"\" width=\"1024\" height=\"768\" \/><\/a><figcaption class=\"wp-caption-text\">cof<\/figcaption><\/figure>\n","protected":false},"excerpt":{"rendered":"<p>AFICIONS COMPARTIDES&hellip;  <a href=\"https:\/\/agora.xtec.cat\/esc-teresabergada\/general\/aficions-compartides-triatlo\/\" title=\"Read AFICIONS COMPARTIDES: TRIATL\u00d3\">Llegeix m\u00e9s\u00bb<\/a><\/p>\n","protected":false},"author":1,"featured_media":5372,"comment_status":"open","ping_status":"closed","sticky":false,"template":"","format":"standard","meta":{"_bbp_topic_count":0,"_bbp_reply_count":0,"_bbp_total_topic_count":0,"_bbp_total_reply_count":0,"_bbp_voice_count":0,"_bbp_anonymous_reply_count":0,"_bbp_topic_count_hidden":0,"_bbp_reply_count_hidden":0,"_bbp_forum_subforum_count":0,"footnotes":""},"categories":[348,1,2],"tags":[448],"class_list":["post-5370","post","type-post","status-publish","format-standard","has-post-thumbnail","hentry","category-1r","category-general","category-infantil","tag-aficions-compartides"],"post_mailing_queue_ids":[],"_links":{"self":[{"href":"https:\/\/agora.xtec.cat\/esc-teresabergada\/wp-json\/wp\/v2\/posts\/5370","targetHints":{"allow":["GET"]}}],"collection":[{"href":"https:\/\/agora.xtec.cat\/esc-teresabergada\/wp-json\/wp\/v2\/posts"}],"about":[{"href":"https:\/\/agora.xtec.cat\/esc-teresabergada\/wp-json\/wp\/v2\/types\/post"}],"author":[{"embeddable":true,"href":"https:\/\/agora.xtec.cat\/esc-teresabergada\/wp-json\/wp\/v2\/users\/1"}],"replies":[{"embeddable":true,"href":"https:\/\/agora.xtec.cat\/esc-teresabergada\/wp-json\/wp\/v2\/comments?post=5370"}],"version-history":[{"count":3,"href":"https:\/\/agora.xtec.cat\/esc-teresabergada\/wp-json\/wp\/v2\/posts\/5370\/revisions"}],"predecessor-version":[{"id":5376,"href":"https:\/\/agora.xtec.cat\/esc-teresabergada\/wp-json\/wp\/v2\/posts\/5370\/revisions\/5376"}],"wp:featuredmedia":[{"embeddable":true,"href":"https:\/\/agora.xtec.cat\/esc-teresabergada\/wp-json\/wp\/v2\/media\/5372"}],"wp:attachment":[{"href":"https:\/\/agora.xtec.cat\/esc-teresabergada\/wp-json\/wp\/v2\/media?parent=5370"}],"wp:term":[{"taxonomy":"category","embeddable":true,"href":"https:\/\/agora.xtec.cat\/esc-teresabergada\/wp-json\/wp\/v2\/categories?post=5370"},{"taxonomy":"post_tag","embeddable":true,"href":"https:\/\/agora.xtec.cat\/esc-teresabergada\/wp-json\/wp\/v2\/tags?post=5370"}],"curies":[{"name":"wp","href":"https:\/\/api.w.org\/{rel}","templated":true}]}}