{"id":5363,"date":"2019-11-22T09:39:55","date_gmt":"2019-11-22T08:39:55","guid":{"rendered":"http:\/\/agora.xtec.cat\/esc-teresabergada\/?p=5363"},"modified":"2019-11-22T09:39:55","modified_gmt":"2019-11-22T08:39:55","slug":"construim-la-maqueta","status":"publish","type":"post","link":"https:\/\/agora.xtec.cat\/esc-teresabergada\/general\/construim-la-maqueta\/","title":{"rendered":"CONSTRU\u00cfM  LA MAQUETA"},"content":{"rendered":"<p>El dimecres dia 13 a la tarda els alumnes de 6\u00e8A vam fer la maqueta de l&#8217;aparell digestiu ens vam organitzar en grups i cada grup va construir la seva maqueta .<\/p>\n<p>Vam portar molt material de casa, per exemple: globus, plastilina, cordes, tubs, cer\u00e0mica i moltes m\u00e9s coses.Hi havia intestins fets de cordes, fetges formats amb cordes, est\u00f3macs elaborats amb plastilina.<\/p>\n<p>Totes les maquetes eren molt xules i creades\u00a0 amb idees molt originals.<\/p>\n<p>Jankeh Sisoho<a href=\"https:\/\/agora.xtec.cat\/esc-teresabergada\/wp-content\/uploads\/usu1533\/2019\/11\/IMG_4938.jpg\"><img loading=\"lazy\" decoding=\"async\" class=\"aligncenter wp-image-5364 size-medium\" src=\"https:\/\/agora.xtec.cat\/esc-teresabergada\/wp-content\/uploads\/usu1533\/2019\/11\/IMG_4938-300x225.jpg\" alt=\"\" width=\"300\" height=\"225\" \/><\/a><\/p>\n","protected":false},"excerpt":{"rendered":"<p>El dimecres dia 13 a la tarda els alumnes de 6\u00e8A vam fer la maqueta de l&#8217;aparell digestiu ens vam organitzar en grups i cada grup va construir la seva maqueta .<br \/>\nVam portar molt material de casa, per exemple: globus, plastilina, cordes, tubs, cer\u00e0mica i&hellip;  <a href=\"https:\/\/agora.xtec.cat\/esc-teresabergada\/general\/construim-la-maqueta\/\" title=\"Read CONSTRU\u00cfM  LA MAQUETA\">Llegeix m\u00e9s\u00bb<\/a><\/p>\n","protected":false},"author":1,"featured_media":0,"comment_status":"open","ping_status":"closed","sticky":false,"template":"","format":"standard","meta":{"_bbp_topic_count":0,"_bbp_reply_count":0,"_bbp_total_topic_count":0,"_bbp_total_reply_count":0,"_bbp_voice_count":0,"_bbp_anonymous_reply_count":0,"_bbp_topic_count_hidden":0,"_bbp_reply_count_hidden":0,"_bbp_forum_subforum_count":0,"footnotes":""},"categories":[1],"tags":[442,447,172,124],"class_list":["post-5363","post","type-post","status-publish","format-standard","hentry","category-general","tag-cos-huma","tag-maqueta","tag-medi","tag-projectes"],"post_mailing_queue_ids":[],"_links":{"self":[{"href":"https:\/\/agora.xtec.cat\/esc-teresabergada\/wp-json\/wp\/v2\/posts\/5363","targetHints":{"allow":["GET"]}}],"collection":[{"href":"https:\/\/agora.xtec.cat\/esc-teresabergada\/wp-json\/wp\/v2\/posts"}],"about":[{"href":"https:\/\/agora.xtec.cat\/esc-teresabergada\/wp-json\/wp\/v2\/types\/post"}],"author":[{"embeddable":true,"href":"https:\/\/agora.xtec.cat\/esc-teresabergada\/wp-json\/wp\/v2\/users\/1"}],"replies":[{"embeddable":true,"href":"https:\/\/agora.xtec.cat\/esc-teresabergada\/wp-json\/wp\/v2\/comments?post=5363"}],"version-history":[{"count":1,"href":"https:\/\/agora.xtec.cat\/esc-teresabergada\/wp-json\/wp\/v2\/posts\/5363\/revisions"}],"predecessor-version":[{"id":5365,"href":"https:\/\/agora.xtec.cat\/esc-teresabergada\/wp-json\/wp\/v2\/posts\/5363\/revisions\/5365"}],"wp:attachment":[{"href":"https:\/\/agora.xtec.cat\/esc-teresabergada\/wp-json\/wp\/v2\/media?parent=5363"}],"wp:term":[{"taxonomy":"category","embeddable":true,"href":"https:\/\/agora.xtec.cat\/esc-teresabergada\/wp-json\/wp\/v2\/categories?post=5363"},{"taxonomy":"post_tag","embeddable":true,"href":"https:\/\/agora.xtec.cat\/esc-teresabergada\/wp-json\/wp\/v2\/tags?post=5363"}],"curies":[{"name":"wp","href":"https:\/\/api.w.org\/{rel}","templated":true}]}}