{"id":5357,"date":"2019-11-21T10:40:48","date_gmt":"2019-11-21T09:40:48","guid":{"rendered":"http:\/\/agora.xtec.cat\/esc-teresabergada\/?p=5357"},"modified":"2019-11-23T09:04:05","modified_gmt":"2019-11-23T08:04:05","slug":"dia-de-les-vacunes-a-6e","status":"publish","type":"post","link":"https:\/\/agora.xtec.cat\/esc-teresabergada\/general\/dia-de-les-vacunes-a-6e\/","title":{"rendered":"DIA DE LES VACUNES A 6\u00e8."},"content":{"rendered":"<p style=\"text-align: justify\">El passat dimarts dia dinou van venir unes infermeres molt simp\u00e0tiques a la nostra escola per a vacunar-nos, ja sabeu que les vacunes s\u00f3n molt importants per a la salut.<\/p>\n<p style=\"text-align: justify\">Als nens ens van posar nom\u00e9s la de l&#8217;hepatitis; a les nenes a m\u00e9s a m\u00e9s la del papiloma. Al principi tots i totes est\u00e0vem molt nerviosos\/es i tamb\u00e9 inquiets\/tes per\u00f2 al final quan ja havien acabat de posar-nos-les, ens vam quedar m\u00e9s paradets\/tes, incl\u00fas va haver-hi gent que es va marejar. Tots ens queix\u00e0vem de mal al bra\u00e7 i no vam poder fer res fins despr\u00e9s del pati.<\/p>\n<p style=\"text-align: justify\">A continuaci\u00f3 us deixo una mica d&#8217;informaci\u00f3 sobre les vacunes:<\/p>\n<p style=\"text-align: justify\"><em>Les vacunes van ser un dels millors aven\u00e7os de la hist\u00f2ria. Aproximadament salven 2,5 milions de vides cada any! Recordeu que no nom\u00e9s s\u00f3n per a protegir-nos sin\u00f3 tamb\u00e9 per prevenci\u00f3 i aix\u00ed que no es puguin transmetre malalties entre els humans. Per mala sort hi ha gent amb al\u00b7l\u00e8rgies i malalties que no es poden vacunar i llavors s\u00f3n molt vulnerables.<\/em><\/p>\n<p style=\"text-align: justify\">Quim Gonz\u00e0lez<\/p>\n<p><img loading=\"lazy\" decoding=\"async\" class=\"aligncenter wp-image-5358 size-full\" src=\"https:\/\/agora.xtec.cat\/esc-teresabergada\/wp-content\/uploads\/usu1533\/2019\/11\/Foto-Vacunes_web-2.jpg\" alt=\"\" width=\"1000\" height=\"664\" srcset=\"https:\/\/agora.xtec.cat\/esc-teresabergada\/wp-content\/uploads\/usu1533\/2019\/11\/Foto-Vacunes_web-2.jpg 1000w, https:\/\/agora.xtec.cat\/esc-teresabergada\/wp-content\/uploads\/usu1533\/2019\/11\/Foto-Vacunes_web-2-300x199.jpg 300w, https:\/\/agora.xtec.cat\/esc-teresabergada\/wp-content\/uploads\/usu1533\/2019\/11\/Foto-Vacunes_web-2-768x510.jpg 768w\" sizes=\"auto, (max-width: 1000px) 100vw, 1000px\" \/><\/p>\n","protected":false},"excerpt":{"rendered":"<p>El passat dimarts dia dinou van venir unes infermeres molt simp\u00e0tiques a la nostra escola per a vacunar-nos, ja sabeu que les vacunes s\u00f3n molt importants per a la salut.<br \/>\nAls nens ens van posar nom\u00e9s la de l&#8217;hepatitis; a les nenes a m\u00e9s a m\u00e9s&hellip;  <a href=\"https:\/\/agora.xtec.cat\/esc-teresabergada\/general\/dia-de-les-vacunes-a-6e\/\" title=\"Read DIA DE LES VACUNES A 6\u00e8.\">Llegeix m\u00e9s\u00bb<\/a><\/p>\n","protected":false},"author":32,"featured_media":0,"comment_status":"open","ping_status":"closed","sticky":false,"template":"","format":"standard","meta":{"_bbp_topic_count":0,"_bbp_reply_count":0,"_bbp_total_topic_count":0,"_bbp_total_reply_count":0,"_bbp_voice_count":0,"_bbp_anonymous_reply_count":0,"_bbp_topic_count_hidden":0,"_bbp_reply_count_hidden":0,"_bbp_forum_subforum_count":0,"footnotes":""},"categories":[1],"tags":[],"class_list":["post-5357","post","type-post","status-publish","format-standard","hentry","category-general"],"post_mailing_queue_ids":[],"_links":{"self":[{"href":"https:\/\/agora.xtec.cat\/esc-teresabergada\/wp-json\/wp\/v2\/posts\/5357","targetHints":{"allow":["GET"]}}],"collection":[{"href":"https:\/\/agora.xtec.cat\/esc-teresabergada\/wp-json\/wp\/v2\/posts"}],"about":[{"href":"https:\/\/agora.xtec.cat\/esc-teresabergada\/wp-json\/wp\/v2\/types\/post"}],"author":[{"embeddable":true,"href":"https:\/\/agora.xtec.cat\/esc-teresabergada\/wp-json\/wp\/v2\/users\/32"}],"replies":[{"embeddable":true,"href":"https:\/\/agora.xtec.cat\/esc-teresabergada\/wp-json\/wp\/v2\/comments?post=5357"}],"version-history":[{"count":3,"href":"https:\/\/agora.xtec.cat\/esc-teresabergada\/wp-json\/wp\/v2\/posts\/5357\/revisions"}],"predecessor-version":[{"id":5383,"href":"https:\/\/agora.xtec.cat\/esc-teresabergada\/wp-json\/wp\/v2\/posts\/5357\/revisions\/5383"}],"wp:attachment":[{"href":"https:\/\/agora.xtec.cat\/esc-teresabergada\/wp-json\/wp\/v2\/media?parent=5357"}],"wp:term":[{"taxonomy":"category","embeddable":true,"href":"https:\/\/agora.xtec.cat\/esc-teresabergada\/wp-json\/wp\/v2\/categories?post=5357"},{"taxonomy":"post_tag","embeddable":true,"href":"https:\/\/agora.xtec.cat\/esc-teresabergada\/wp-json\/wp\/v2\/tags?post=5357"}],"curies":[{"name":"wp","href":"https:\/\/api.w.org\/{rel}","templated":true}]}}