{"id":5332,"date":"2019-11-16T14:37:50","date_gmt":"2019-11-16T13:37:50","guid":{"rendered":"http:\/\/agora.xtec.cat\/esc-teresabergada\/?p=5332"},"modified":"2019-11-17T17:21:00","modified_gmt":"2019-11-17T16:21:00","slug":"tour-per-barcelona-human-bodies-i-cosmocaixa","status":"publish","type":"post","link":"https:\/\/agora.xtec.cat\/esc-teresabergada\/blocs-de-primaria\/6e\/tour-per-barcelona-human-bodies-i-cosmocaixa\/","title":{"rendered":"TOUR PER BARCELONA: HUMAN BODIES I COSMOCAIXA"},"content":{"rendered":"<p style=\"text-align: justify\">Heu pensat mai com \u00e9s el cos hum\u00e0 per dins? De ben segur que us feu una idea per\u00f2\u00a0 no us podeu imaginar qu\u00e8 interessant resulta veure-ho en directe!!<\/p>\n<p style=\"text-align: justify\">El passat divendres 15 de novembre a les nou del mat\u00ed vam posar rumb a Barcelona, on ens esperava un dia ben entretingut. La primera parada del dia va ser Pla\u00e7a Espanya, on a la tercera planta del centre comercial Arenas es troba l\u2019exposici\u00f3 Human Bodies. Els infants comptaven amb una audioguia que al llarg del recorregut els anava ensenyant els secrets m\u00e9s inimaginables que amaga el cos hum\u00e0. Vam quedar tots i totes absolutament fascinats i fascinades!<\/p>\n<p style=\"text-align: justify\">Despr\u00e9s de realitzar una petita pausa per dinar a una de les instal\u00b7lacions exteriors del CosmoCaixa, ens vam endinsar a l\u2019edifici per seguir descobrint misteris sobre la natura, la ci\u00e8ncia, el cos hum\u00e0, la Terra, la llum&#8230; i tantes altres coses que vam afegir a la nostra motxilla de coneixements.<\/p>\n<p style=\"text-align: justify\">En definitiva, va ser un dia genial, no tan sols vam aprendre una barbaritat de coses noves, sin\u00f3 que ho vam fer de forma conjunta amb els companys i companyes mentre pass\u00e0vem una bona estona.<\/p>\n<p style=\"text-align: justify\">La primera excursi\u00f3 del curs ha deixat el llist\u00f3 ben alt, us podeu imaginar com ser\u00e0 la seg\u00fcent??<\/p>\n<p style=\"text-align: center\">Cliqueu damunt les imatges i podreu visualitzar les fotos.<\/p>\n<p style=\"text-align: center\"><a href=\"https:\/\/photos.app.goo.gl\/WxG5NpUrXxZLv8pX9\"><img loading=\"lazy\" decoding=\"async\" class=\"aligncenter wp-image-5333\" src=\"https:\/\/agora.xtec.cat\/esc-teresabergada\/wp-content\/uploads\/usu1533\/2019\/11\/Per-molts-anys-A-300x213.jpg\" alt=\"\" width=\"400\" height=\"284\" \/><\/a><\/p>\n<p><a href=\"https:\/\/photos.app.goo.gl\/xVpBfCHj8o6JNcSG9\"><img loading=\"lazy\" decoding=\"async\" class=\"aligncenter wp-image-5334\" src=\"https:\/\/agora.xtec.cat\/esc-teresabergada\/wp-content\/uploads\/usu1533\/2019\/11\/Per-molts-anys-A-2-300x213.jpg\" alt=\"\" width=\"400\" height=\"284\" \/><\/a><\/p>\n","protected":false},"excerpt":{"rendered":"<p>Heu pensat mai com \u00e9s el cos hum\u00e0 per dins? De ben segur que us feu una idea per\u00f2\u00a0 no us podeu imaginar qu\u00e8 interessant resulta veure-ho en directe!!<br \/>\nEl passat divendres 15 de novembre a les nou del mat\u00ed vam posar rumb a Barcelona, on&hellip;  <a href=\"https:\/\/agora.xtec.cat\/esc-teresabergada\/blocs-de-primaria\/6e\/tour-per-barcelona-human-bodies-i-cosmocaixa\/\" title=\"Read TOUR PER BARCELONA: HUMAN BODIES I COSMOCAIXA\">Llegeix m\u00e9s\u00bb<\/a><\/p>\n","protected":false},"author":32,"featured_media":0,"comment_status":"open","ping_status":"closed","sticky":false,"template":"","format":"standard","meta":{"_bbp_topic_count":0,"_bbp_reply_count":0,"_bbp_total_topic_count":0,"_bbp_total_reply_count":0,"_bbp_voice_count":0,"_bbp_anonymous_reply_count":0,"_bbp_topic_count_hidden":0,"_bbp_reply_count_hidden":0,"_bbp_forum_subforum_count":0,"footnotes":""},"categories":[240],"tags":[],"class_list":["post-5332","post","type-post","status-publish","format-standard","hentry","category-6e"],"post_mailing_queue_ids":[],"_links":{"self":[{"href":"https:\/\/agora.xtec.cat\/esc-teresabergada\/wp-json\/wp\/v2\/posts\/5332","targetHints":{"allow":["GET"]}}],"collection":[{"href":"https:\/\/agora.xtec.cat\/esc-teresabergada\/wp-json\/wp\/v2\/posts"}],"about":[{"href":"https:\/\/agora.xtec.cat\/esc-teresabergada\/wp-json\/wp\/v2\/types\/post"}],"author":[{"embeddable":true,"href":"https:\/\/agora.xtec.cat\/esc-teresabergada\/wp-json\/wp\/v2\/users\/32"}],"replies":[{"embeddable":true,"href":"https:\/\/agora.xtec.cat\/esc-teresabergada\/wp-json\/wp\/v2\/comments?post=5332"}],"version-history":[{"count":3,"href":"https:\/\/agora.xtec.cat\/esc-teresabergada\/wp-json\/wp\/v2\/posts\/5332\/revisions"}],"predecessor-version":[{"id":5343,"href":"https:\/\/agora.xtec.cat\/esc-teresabergada\/wp-json\/wp\/v2\/posts\/5332\/revisions\/5343"}],"wp:attachment":[{"href":"https:\/\/agora.xtec.cat\/esc-teresabergada\/wp-json\/wp\/v2\/media?parent=5332"}],"wp:term":[{"taxonomy":"category","embeddable":true,"href":"https:\/\/agora.xtec.cat\/esc-teresabergada\/wp-json\/wp\/v2\/categories?post=5332"},{"taxonomy":"post_tag","embeddable":true,"href":"https:\/\/agora.xtec.cat\/esc-teresabergada\/wp-json\/wp\/v2\/tags?post=5332"}],"curies":[{"name":"wp","href":"https:\/\/api.w.org\/{rel}","templated":true}]}}