{"id":5304,"date":"2019-11-13T13:43:24","date_gmt":"2019-11-13T12:43:24","guid":{"rendered":"http:\/\/agora.xtec.cat\/esc-teresabergada\/?p=5304"},"modified":"2019-11-13T13:57:58","modified_gmt":"2019-11-13T12:57:58","slug":"danses","status":"publish","type":"post","link":"https:\/\/agora.xtec.cat\/esc-teresabergada\/portada\/danses\/","title":{"rendered":"Danses i castanyada"},"content":{"rendered":"<p>El passat 30 d\u2019octubre l\u2019alumnat de l\u2019escola Teresa Bergad\u00e0 d\u2019Alguaire va fer una exhibici\u00f3 dels balls de tardor al pavell\u00f3 poliesportiu dirigits a tot el p\u00fablic assistent.<\/p>\n<p>Al finalitzar les danses els i les alumnes de cicle superior van repartir castanyes i ampolles d\u2019aigua per poder celebrar la castanyada tots plegats.<\/p>\n<p>Els balls que es van dur a terme van ser:<\/p>\n<p><span style=\"color: #993300\"><strong>P3, P4 i P5 La rumba de les castanyes<\/strong><\/span><\/p>\n<p><span style=\"color: #ff6600\"><strong>1r Calendari de tardor<\/strong><\/span><\/p>\n<p><strong><span style=\"color: #ff9900\">2n Ball del Patatuf<\/span> <\/strong><\/p>\n<p><span style=\"color: #808000\"><strong>3r La Masovera<\/strong><\/span><\/p>\n<p><span style=\"color: #99cc00\"><strong>4rt L\u2019indiot<\/strong><\/span><\/p>\n<p><span style=\"color: #333300\"><strong>5\u00e8 El virolet<\/strong><\/span><\/p>\n<p><span style=\"color: #339966\"><strong>6\u00e8 Sardana<\/strong><\/span><\/p>\n<p>Si feu clic <a href=\"https:\/\/photos.app.goo.gl\/MvsBZTC4aMnn2Aax7\"><strong>aqu\u00ed<\/strong> <\/a>podreu accedir a les imatges de les diferents danses.<\/p>\n","protected":false},"excerpt":{"rendered":"<p>El passat 30 d\u2019octubre l\u2019alumnat de l\u2019escola Teresa Bergad\u00e0 d\u2019Alguaire va fer una exhibici\u00f3 dels balls de tardor al pavell\u00f3 poliesportiu dirigits a tot el p\u00fablic assistent.<br \/>\nAl finalitzar les danses els i les alumnes de cicle superior van repartir castanyes i ampolles d\u2019aigua per poder&hellip;  <a href=\"https:\/\/agora.xtec.cat\/esc-teresabergada\/portada\/danses\/\" title=\"Read Danses i castanyada\">Llegeix m\u00e9s\u00bb<\/a><\/p>\n","protected":false},"author":1,"featured_media":0,"comment_status":"open","ping_status":"closed","sticky":false,"template":"","format":"standard","meta":{"_bbp_topic_count":0,"_bbp_reply_count":0,"_bbp_total_topic_count":0,"_bbp_total_reply_count":0,"_bbp_voice_count":0,"_bbp_anonymous_reply_count":0,"_bbp_topic_count_hidden":0,"_bbp_reply_count_hidden":0,"_bbp_forum_subforum_count":0,"footnotes":""},"categories":[109,4],"tags":[],"class_list":["post-5304","post","type-post","status-publish","format-standard","hentry","category-ed-fisica","category-portada"],"post_mailing_queue_ids":[],"_links":{"self":[{"href":"https:\/\/agora.xtec.cat\/esc-teresabergada\/wp-json\/wp\/v2\/posts\/5304","targetHints":{"allow":["GET"]}}],"collection":[{"href":"https:\/\/agora.xtec.cat\/esc-teresabergada\/wp-json\/wp\/v2\/posts"}],"about":[{"href":"https:\/\/agora.xtec.cat\/esc-teresabergada\/wp-json\/wp\/v2\/types\/post"}],"author":[{"embeddable":true,"href":"https:\/\/agora.xtec.cat\/esc-teresabergada\/wp-json\/wp\/v2\/users\/1"}],"replies":[{"embeddable":true,"href":"https:\/\/agora.xtec.cat\/esc-teresabergada\/wp-json\/wp\/v2\/comments?post=5304"}],"version-history":[{"count":3,"href":"https:\/\/agora.xtec.cat\/esc-teresabergada\/wp-json\/wp\/v2\/posts\/5304\/revisions"}],"predecessor-version":[{"id":5321,"href":"https:\/\/agora.xtec.cat\/esc-teresabergada\/wp-json\/wp\/v2\/posts\/5304\/revisions\/5321"}],"wp:attachment":[{"href":"https:\/\/agora.xtec.cat\/esc-teresabergada\/wp-json\/wp\/v2\/media?parent=5304"}],"wp:term":[{"taxonomy":"category","embeddable":true,"href":"https:\/\/agora.xtec.cat\/esc-teresabergada\/wp-json\/wp\/v2\/categories?post=5304"},{"taxonomy":"post_tag","embeddable":true,"href":"https:\/\/agora.xtec.cat\/esc-teresabergada\/wp-json\/wp\/v2\/tags?post=5304"}],"curies":[{"name":"wp","href":"https:\/\/api.w.org\/{rel}","templated":true}]}}