{"id":5300,"date":"2019-11-12T22:08:00","date_gmt":"2019-11-12T21:08:00","guid":{"rendered":"http:\/\/agora.xtec.cat\/esc-teresabergada\/?p=5300"},"modified":"2019-11-15T08:28:21","modified_gmt":"2019-11-15T07:28:21","slug":"apadrinament-lector-4","status":"publish","type":"post","link":"https:\/\/agora.xtec.cat\/esc-teresabergada\/blocs-de-primaria\/2n\/apadrinament-lector-4\/","title":{"rendered":"APADRINAMENT LECTOR."},"content":{"rendered":"<p><span style=\"color: #444444;text-transform: none;text-indent: 0px;letter-spacing: normal;font-family: 'Open Sans', Arial, Helvetica, sans-serif;font-size: 16px;font-style: normal;font-weight: 400;float: none;background-color: #ffffff\">El passat 24 d&#8217;octubre vam fer l&#8217;acte d&#8217;inauguraci\u00f3 de l&#8217;apadrinament lector. Com cada any, els alumnes de primer i cinqu\u00e8 de l&#8217;escola\u00a0 participen d&#8217;aquest projecte tant enriquidor. L\u2019apadrinament lector \u00e9s una activitat cooperativa que es realitza en parelles formades per alumnes de 5\u00e8 que fan de padrins de lectura i altres m\u00e9s petits els de 1r que fan de fillols. El fet de ser padr\u00ed de lectura representa que l\u2019alumne padr\u00ed adquireix el comprom\u00eds principal de vetllar per l\u2019aprenentatge lector del seu fillol. L\u2019ajuda a aprendre a llegir, alhora que mira d\u2019encomanar-li el gust per la lectura engrescant-lo en tot moment. Aix\u00ed mateix, els fillols prenen el comprom\u00eds de aprofitar i gaudir d&#8217;aquesta experi\u00e8ncia que ben segur tant els ajudar\u00e0.<\/span><\/p>\n<p><a href=\"https:\/\/photos.google.com\/u\/0\/share\/AF1QipMsOcnyIIufdtbLx0XwxH3tbzlMXKOuRre9gEfP1cRV21phgYijc6CZpMEYf-rjhQ?key=VlI1c2lhMGh4emhmRTZINUZ0dXIzd0VIbmtYdTJR\">En aquest enlla\u00e7\u00a0us deixem algunes de les imatges que ja formen part del nostre record.<\/a><\/p>\n","protected":false},"excerpt":{"rendered":"<p>El passat 24 d&#8217;octubre vam fer l&#8217;acte d&#8217;inauguraci\u00f3 de l&#8217;apadrinament lector. Com cada any, els alumnes de primer i cinqu\u00e8 de l&#8217;escola\u00a0 participen d&#8217;aquest projecte tant enriquidor. L\u2019apadrinament lector \u00e9s una activitat cooperativa que es realitza en parelles formades per alumnes de 5\u00e8 que fan&hellip;  <a href=\"https:\/\/agora.xtec.cat\/esc-teresabergada\/blocs-de-primaria\/2n\/apadrinament-lector-4\/\" title=\"Read APADRINAMENT LECTOR.\">Llegeix m\u00e9s\u00bb<\/a><\/p>\n","protected":false},"author":1,"featured_media":0,"comment_status":"open","ping_status":"closed","sticky":false,"template":"","format":"standard","meta":{"_bbp_topic_count":0,"_bbp_reply_count":0,"_bbp_total_topic_count":0,"_bbp_total_reply_count":0,"_bbp_voice_count":0,"_bbp_anonymous_reply_count":0,"_bbp_topic_count_hidden":0,"_bbp_reply_count_hidden":0,"_bbp_forum_subforum_count":0,"footnotes":""},"categories":[153,240],"tags":[336,64,444],"class_list":["post-5300","post","type-post","status-publish","format-standard","hentry","category-2n","category-6e","tag-apadrinament","tag-apadrinament-lector","tag-lector"],"post_mailing_queue_ids":[],"_links":{"self":[{"href":"https:\/\/agora.xtec.cat\/esc-teresabergada\/wp-json\/wp\/v2\/posts\/5300","targetHints":{"allow":["GET"]}}],"collection":[{"href":"https:\/\/agora.xtec.cat\/esc-teresabergada\/wp-json\/wp\/v2\/posts"}],"about":[{"href":"https:\/\/agora.xtec.cat\/esc-teresabergada\/wp-json\/wp\/v2\/types\/post"}],"author":[{"embeddable":true,"href":"https:\/\/agora.xtec.cat\/esc-teresabergada\/wp-json\/wp\/v2\/users\/1"}],"replies":[{"embeddable":true,"href":"https:\/\/agora.xtec.cat\/esc-teresabergada\/wp-json\/wp\/v2\/comments?post=5300"}],"version-history":[{"count":2,"href":"https:\/\/agora.xtec.cat\/esc-teresabergada\/wp-json\/wp\/v2\/posts\/5300\/revisions"}],"predecessor-version":[{"id":5329,"href":"https:\/\/agora.xtec.cat\/esc-teresabergada\/wp-json\/wp\/v2\/posts\/5300\/revisions\/5329"}],"wp:attachment":[{"href":"https:\/\/agora.xtec.cat\/esc-teresabergada\/wp-json\/wp\/v2\/media?parent=5300"}],"wp:term":[{"taxonomy":"category","embeddable":true,"href":"https:\/\/agora.xtec.cat\/esc-teresabergada\/wp-json\/wp\/v2\/categories?post=5300"},{"taxonomy":"post_tag","embeddable":true,"href":"https:\/\/agora.xtec.cat\/esc-teresabergada\/wp-json\/wp\/v2\/tags?post=5300"}],"curies":[{"name":"wp","href":"https:\/\/api.w.org\/{rel}","templated":true}]}}