{"id":5294,"date":"2019-11-11T12:26:35","date_gmt":"2019-11-11T11:26:35","guid":{"rendered":"http:\/\/agora.xtec.cat\/esc-teresabergada\/?p=5294"},"modified":"2019-11-11T12:28:13","modified_gmt":"2019-11-11T11:28:13","slug":"halloween","status":"publish","type":"post","link":"https:\/\/agora.xtec.cat\/esc-teresabergada\/general\/halloween\/","title":{"rendered":"Halloween"},"content":{"rendered":"<p style=\"text-align: justify;\">Benvolgudes fam\u00edlies aquest article \u00e9s per informar-vos que la senyoreta d&#8217;angl\u00e8s, com cada any,\u00a0 prepara un t\u00fanel del terror al passad\u00eds de davant de la seva classe per als alumnes de cicle inicial i cicle mitj\u00e0 per celebrar que el dia 31 d&#8217;octubre era Halloween.<\/p>\n<p style=\"text-align: justify;\">Els\/les alumnes de 6\u00e8 la vam ajudar fent una m\u00f2mia a la porta, un esquelet per a la paret i tamb\u00e9 decorant el t\u00fanel.<\/p>\n<p style=\"text-align: justify;\">Per a que veieu com ha quedat, a baix us deixem unes quantes fotos.<\/p>\n<p>&nbsp;<\/p>\n<p>Eduarda Mendes<\/p>\n<p><a href=\"https:\/\/agora.xtec.cat\/esc-teresabergada\/wp-content\/uploads\/usu1533\/2019\/11\/1octubre-halloween-en-cadiz.png\"><img loading=\"lazy\" decoding=\"async\" class=\"aligncenter wp-image-5296 size-medium\" src=\"https:\/\/agora.xtec.cat\/esc-teresabergada\/wp-content\/uploads\/usu1533\/2019\/11\/1octubre-halloween-en-cadiz-300x235.png\" alt=\"\" width=\"300\" height=\"235\" srcset=\"https:\/\/agora.xtec.cat\/esc-teresabergada\/wp-content\/uploads\/usu1533\/2019\/11\/1octubre-halloween-en-cadiz-300x235.png 300w, https:\/\/agora.xtec.cat\/esc-teresabergada\/wp-content\/uploads\/usu1533\/2019\/11\/1octubre-halloween-en-cadiz-768x602.png 768w, https:\/\/agora.xtec.cat\/esc-teresabergada\/wp-content\/uploads\/usu1533\/2019\/11\/1octubre-halloween-en-cadiz.png 800w\" sizes=\"auto, (max-width: 300px) 100vw, 300px\" \/><\/a><\/p>\n","protected":false},"excerpt":{"rendered":"<p>Benvolgudes fam\u00edlies aquest article \u00e9s per informar-vos que la senyoreta d&#8217;angl\u00e8s, com cada any,\u00a0 prepara un t\u00fanel del terror al passad\u00eds de davant de la seva classe per als alumnes de cicle inicial i cicle mitj\u00e0 per celebrar que el dia 31 d&#8217;octubre era Halloween.<br \/>\nEls\/les&hellip;  <a href=\"https:\/\/agora.xtec.cat\/esc-teresabergada\/general\/halloween\/\" title=\"Read Halloween\">Llegeix m\u00e9s\u00bb<\/a><\/p>\n","protected":false},"author":1,"featured_media":5296,"comment_status":"open","ping_status":"closed","sticky":false,"template":"","format":"standard","meta":{"_bbp_topic_count":0,"_bbp_reply_count":0,"_bbp_total_topic_count":0,"_bbp_total_reply_count":0,"_bbp_voice_count":0,"_bbp_anonymous_reply_count":0,"_bbp_topic_count_hidden":0,"_bbp_reply_count_hidden":0,"_bbp_forum_subforum_count":0,"footnotes":""},"categories":[1],"tags":[148,443],"class_list":["post-5294","post","type-post","status-publish","format-standard","has-post-thumbnail","hentry","category-general","tag-english","tag-halloween"],"post_mailing_queue_ids":[],"_links":{"self":[{"href":"https:\/\/agora.xtec.cat\/esc-teresabergada\/wp-json\/wp\/v2\/posts\/5294","targetHints":{"allow":["GET"]}}],"collection":[{"href":"https:\/\/agora.xtec.cat\/esc-teresabergada\/wp-json\/wp\/v2\/posts"}],"about":[{"href":"https:\/\/agora.xtec.cat\/esc-teresabergada\/wp-json\/wp\/v2\/types\/post"}],"author":[{"embeddable":true,"href":"https:\/\/agora.xtec.cat\/esc-teresabergada\/wp-json\/wp\/v2\/users\/1"}],"replies":[{"embeddable":true,"href":"https:\/\/agora.xtec.cat\/esc-teresabergada\/wp-json\/wp\/v2\/comments?post=5294"}],"version-history":[{"count":3,"href":"https:\/\/agora.xtec.cat\/esc-teresabergada\/wp-json\/wp\/v2\/posts\/5294\/revisions"}],"predecessor-version":[{"id":5298,"href":"https:\/\/agora.xtec.cat\/esc-teresabergada\/wp-json\/wp\/v2\/posts\/5294\/revisions\/5298"}],"wp:featuredmedia":[{"embeddable":true,"href":"https:\/\/agora.xtec.cat\/esc-teresabergada\/wp-json\/wp\/v2\/media\/5296"}],"wp:attachment":[{"href":"https:\/\/agora.xtec.cat\/esc-teresabergada\/wp-json\/wp\/v2\/media?parent=5294"}],"wp:term":[{"taxonomy":"category","embeddable":true,"href":"https:\/\/agora.xtec.cat\/esc-teresabergada\/wp-json\/wp\/v2\/categories?post=5294"},{"taxonomy":"post_tag","embeddable":true,"href":"https:\/\/agora.xtec.cat\/esc-teresabergada\/wp-json\/wp\/v2\/tags?post=5294"}],"curies":[{"name":"wp","href":"https:\/\/api.w.org\/{rel}","templated":true}]}}