{"id":5289,"date":"2019-11-10T18:03:09","date_gmt":"2019-11-10T17:03:09","guid":{"rendered":"http:\/\/agora.xtec.cat\/esc-teresabergada\/?p=5289"},"modified":"2019-11-10T18:03:09","modified_gmt":"2019-11-10T17:03:09","slug":"sortida-a-ull-de-bosc","status":"publish","type":"post","link":"https:\/\/agora.xtec.cat\/esc-teresabergada\/general\/sortida-a-ull-de-bosc\/","title":{"rendered":"Sortida a Ull de Bosc"},"content":{"rendered":"<p>El divendres 8 de novembre els menuts de l\u00b4escola v\u00e0rem fer una sortida a la Granja escola d\u00b4Ull de Bosc, a Sucs.<\/p>\n<p>\u00c9s un espai natural s\u00faper ben cuidat i acondicionat pels infants. V\u00e0rem poder veure els canvis que la tardor fa al nostre paisatge i\u00a0 vivenciar el goig de la natura en el seu estat pur. Tamb\u00e9 vam poder visitar el &#8220;minizoo&#8221; i vam veure un munt d\u00b4animals. Per cloure la jornada v\u00e0rem fer un taller: els de P3, de bosses arom\u00e0tiques;\u00a0 els de P4, una castanyera\u00a0 i els de P5, <span style=\"font-family: inherit;font-size: 1em\">una\u00a0 emprempta amb fang .<\/span><\/p>\n<p>Malgrat el vent es va deixar sentir for\u00e7a, feia sol i\u00a0 v\u00e0rem passar un bon dia;\u00a0 ten\u00edem una llar de\u00a0 foc molt maca per escalfar-nos i resguardar-nos del fred.<\/p>\n<p>Donem les gr\u00e0cies a les educadores de la granja escola que tan bones estones ens van fer passar i tantes curiositats sobre els animals ens van explicar.<\/p>\n<p>Els \u00faltims anys, diferents estudis cient\u00edfics han anat confirmant la import\u00e0ncia del joc a l\u2019aire lliure. Els nens que estan en contacte amb la natura\u00a0<strong>desenvolupen m\u00e9s les habilitats motores de coordinaci\u00f3, equilibri i agilitat, tenen m\u00e9s capacitat d\u2019atenci\u00f3, raonament i observaci\u00f3, tenen menys estr\u00e8s<\/strong>, s\u00f3n m\u00e9s capa\u00e7os de suportar situacions adverses o cauen malalts amb menor freq\u00fc\u00e8ncia. Aquestes s\u00f3n algunes de les principals conclusions.<\/p>\n<p>Per a nosaltres, observadores atentes, \u00e9s evident que es mouen h\u00e0bils i lleugers, que el m\u00f3n s\u2019atura quan passa un caragol, i que es connecten amb atenci\u00f3 amb aquestes experi\u00e8ncies, \u00a0amb els seus entorns propers i gaudeixen dels seus beneficis. La sorpresa \u00e9s que nosaltres tamb\u00e9 ens reconnectem !<\/p>\n<p><a href=\"https:\/\/photos.app.goo.gl\/NFigxiHvodr6PCuY8\"><img loading=\"lazy\" decoding=\"async\" class=\"alignnone size-full wp-image-5291\" src=\"https:\/\/agora.xtec.cat\/esc-teresabergada\/wp-content\/uploads\/usu1533\/2019\/11\/Festa-Major-2-2.jpg\" alt=\"\" width=\"940\" height=\"788\" \/><\/a><\/p>\n","protected":false},"excerpt":{"rendered":"<p>El divendres 8 de novembre els menuts de l\u00b4escola v\u00e0rem fer una sortida a la Granja escola d\u00b4Ull de Bosc, a Sucs.<br \/>\n\u00c9s un espai natural s\u00faper ben cuidat i acondicionat pels infants. V\u00e0rem poder veure els canvis que la tardor fa al nostre paisatge i\u00a0&hellip;  <a href=\"https:\/\/agora.xtec.cat\/esc-teresabergada\/general\/sortida-a-ull-de-bosc\/\" title=\"Read Sortida a Ull de Bosc\">Llegeix m\u00e9s\u00bb<\/a><\/p>\n","protected":false},"author":1,"featured_media":0,"comment_status":"open","ping_status":"closed","sticky":false,"template":"","format":"standard","meta":{"_bbp_topic_count":0,"_bbp_reply_count":0,"_bbp_total_topic_count":0,"_bbp_total_reply_count":0,"_bbp_voice_count":0,"_bbp_anonymous_reply_count":0,"_bbp_topic_count_hidden":0,"_bbp_reply_count_hidden":0,"_bbp_forum_subforum_count":0,"footnotes":""},"categories":[1,2],"tags":[121],"class_list":["post-5289","post","type-post","status-publish","format-standard","hentry","category-general","category-infantil","tag-educacio-infantil"],"post_mailing_queue_ids":[],"_links":{"self":[{"href":"https:\/\/agora.xtec.cat\/esc-teresabergada\/wp-json\/wp\/v2\/posts\/5289","targetHints":{"allow":["GET"]}}],"collection":[{"href":"https:\/\/agora.xtec.cat\/esc-teresabergada\/wp-json\/wp\/v2\/posts"}],"about":[{"href":"https:\/\/agora.xtec.cat\/esc-teresabergada\/wp-json\/wp\/v2\/types\/post"}],"author":[{"embeddable":true,"href":"https:\/\/agora.xtec.cat\/esc-teresabergada\/wp-json\/wp\/v2\/users\/1"}],"replies":[{"embeddable":true,"href":"https:\/\/agora.xtec.cat\/esc-teresabergada\/wp-json\/wp\/v2\/comments?post=5289"}],"version-history":[{"count":2,"href":"https:\/\/agora.xtec.cat\/esc-teresabergada\/wp-json\/wp\/v2\/posts\/5289\/revisions"}],"predecessor-version":[{"id":5292,"href":"https:\/\/agora.xtec.cat\/esc-teresabergada\/wp-json\/wp\/v2\/posts\/5289\/revisions\/5292"}],"wp:attachment":[{"href":"https:\/\/agora.xtec.cat\/esc-teresabergada\/wp-json\/wp\/v2\/media?parent=5289"}],"wp:term":[{"taxonomy":"category","embeddable":true,"href":"https:\/\/agora.xtec.cat\/esc-teresabergada\/wp-json\/wp\/v2\/categories?post=5289"},{"taxonomy":"post_tag","embeddable":true,"href":"https:\/\/agora.xtec.cat\/esc-teresabergada\/wp-json\/wp\/v2\/tags?post=5289"}],"curies":[{"name":"wp","href":"https:\/\/api.w.org\/{rel}","templated":true}]}}