{"id":520,"date":"2016-11-11T10:48:37","date_gmt":"2016-11-11T09:48:37","guid":{"rendered":"http:\/\/agora.xtec.cat\/esc-teresabergada\/?p=520"},"modified":"2017-05-29T20:36:50","modified_gmt":"2017-05-29T18:36:50","slug":"projecte-rereduir-reciclar-reutilitzar-curs-2016-2017","status":"publish","type":"post","link":"https:\/\/agora.xtec.cat\/esc-teresabergada\/general\/projecte-rereduir-reciclar-reutilitzar-curs-2016-2017\/","title":{"rendered":"PROJECTE REDUIR, RECICLAR, REUTILITZAR"},"content":{"rendered":"<p><iframe loading=\"lazy\" src=\"https:\/\/www.youtube.com\/embed\/q7YNUKvFomM\" width=\"560\" height=\"315\" frameborder=\"0\" allowfullscreen=\"allowfullscreen\"><\/iframe><\/p>\n<p><iframe loading=\"lazy\" src=\"https:\/\/www.youtube.com\/embed\/PXIW72p6uDc\" width=\"560\" height=\"315\" frameborder=\"0\" allowfullscreen=\"allowfullscreen\"><\/iframe><\/p>\n<p><iframe loading=\"lazy\" src=\"https:\/\/www.youtube.com\/embed\/Xro74eU_WHs\" width=\"560\" height=\"315\" frameborder=\"0\" allowfullscreen=\"allowfullscreen\"><\/iframe><br \/>\n<strong>PROJECTE REDUIR,REUTILITZAR,RECICLAR<\/strong><\/p>\n<ul>\n<li>A totes les aules caldr\u00e0 nomenar un encarregat que es cuidar\u00e0 de treure les deixalles de la seva classe, a l\u2019illa corresponent al seu cicle.<\/li>\n<\/ul>\n<ul>\n<li>A les vostres aules ja teniu quatre contenidors <strong><u>= RECICLAR<\/u><\/strong><\/li>\n<\/ul>\n<p><strong>Groc <\/strong>per les llaunes i envasos<\/p>\n<p><strong>Blau <\/strong>pel paper i cartr\u00f3 ( en cap cas s\u2019hi tiren els mocadors bruts)<\/p>\n<p><strong>Marr\u00f3<\/strong> pel residu org\u00e0nic<\/p>\n<p><strong>Negre <\/strong>per la resta.<\/p>\n<ul>\n<li>Dins l\u2019escola hi ha 4 illes de RECICLATGE: una al passad\u00eds de CS, una al de CM, una al de CI i una al de C Infantil.<\/li>\n<\/ul>\n<ul>\n<li>Per al paper us hem deixat una caixa de folis (que podeu canviar per una altra sempre que faci falta <strong><u>= REUTILITZAR<\/u><\/strong>) que no necessitar\u00e0 bossa.<\/li>\n<li>Hem informat les senyores de la neteja que no treguin la brossa de les aules.<\/li>\n<li>La funci\u00f3 de cada encarregat \u00e9s treure les restes de la classe i portar-les a les illes del seu cicle (abocant -ho sense treure la bossa sempre que sigui possible ) i que vetlli per la correcta classificaci\u00f3 de les deixalles a l\u2019aula. Tot aix\u00f2 amb la supervisi\u00f3 del tutor\/a.<\/li>\n<li>Com que la FINALITAT \u00e9s fer un recompte de la brossa ( paper, envasos, etc.) que generem a l\u2019escola, una vegada s\u2019hagi fet, es buidaran les illes un o dos cops per setmana, en funci\u00f3 de la necessitat. Aix\u00f2 ho faran les senyores de la neteja, nom\u00e9s quan les bosses estiguin plenes.<\/li>\n<\/ul>\n<ul>\n<li>Aix\u00ed mateix, us fem saber que tamb\u00e9 hem posat els quatre contenidors a la sala de Mestres i al menjador.<\/li>\n<li>Abans de l\u2019hora de l\u2019esbarjo \u00e9s molt important que es recordi que al pati tenim una paperera groga pels envasos i la d\u2019org\u00e0nica per les restes de menjar. Les dues papereres met\u00e0l\u00b7liques grises s\u00f3n per la resta, per tant en cap cas s\u2019hi poden llen\u00e7ar envasos o restes de menjar.<\/li>\n<li>\u00c9s important fomentar la utilitzaci\u00f3 de carmanyoles (posant-hi el nom) ja que el primer pas i m\u00e9s important \u00e9s <strong><u>= REDUIR<\/u><\/strong>. Aquestes carmanyoles es guardaran a la caixa de pl\u00e0stic que cada classe t\u00e9 assignada. La persona que t\u00e9 la classe abans de l\u2019esbarjo haur\u00e0 de vetllar per a que l\u2019encarregat\/da tregui la caixa al pati.<\/li>\n<\/ul>\n","protected":false},"excerpt":{"rendered":"<p>Projecte d&#8217;escola&hellip;  <a href=\"https:\/\/agora.xtec.cat\/esc-teresabergada\/general\/projecte-rereduir-reciclar-reutilitzar-curs-2016-2017\/\" title=\"Read PROJECTE REDUIR, RECICLAR, REUTILITZAR\">Llegeix m\u00e9s\u00bb<\/a><\/p>\n","protected":false},"author":1,"featured_media":522,"comment_status":"open","ping_status":"closed","sticky":false,"template":"","format":"standard","meta":{"_bbp_topic_count":0,"_bbp_reply_count":0,"_bbp_total_topic_count":0,"_bbp_total_reply_count":0,"_bbp_voice_count":0,"_bbp_anonymous_reply_count":0,"_bbp_topic_count_hidden":0,"_bbp_reply_count_hidden":0,"_bbp_forum_subforum_count":0,"footnotes":""},"categories":[1,4],"tags":[69,70,67,66,68],"class_list":["post-520","post","type-post","status-publish","format-standard","has-post-thumbnail","hentry","category-general","category-portada","tag-campanya","tag-projecte","tag-reciclar","tag-reduir","tag-reutilitzar"],"post_mailing_queue_ids":[],"_links":{"self":[{"href":"https:\/\/agora.xtec.cat\/esc-teresabergada\/wp-json\/wp\/v2\/posts\/520","targetHints":{"allow":["GET"]}}],"collection":[{"href":"https:\/\/agora.xtec.cat\/esc-teresabergada\/wp-json\/wp\/v2\/posts"}],"about":[{"href":"https:\/\/agora.xtec.cat\/esc-teresabergada\/wp-json\/wp\/v2\/types\/post"}],"author":[{"embeddable":true,"href":"https:\/\/agora.xtec.cat\/esc-teresabergada\/wp-json\/wp\/v2\/users\/1"}],"replies":[{"embeddable":true,"href":"https:\/\/agora.xtec.cat\/esc-teresabergada\/wp-json\/wp\/v2\/comments?post=520"}],"version-history":[{"count":4,"href":"https:\/\/agora.xtec.cat\/esc-teresabergada\/wp-json\/wp\/v2\/posts\/520\/revisions"}],"predecessor-version":[{"id":532,"href":"https:\/\/agora.xtec.cat\/esc-teresabergada\/wp-json\/wp\/v2\/posts\/520\/revisions\/532"}],"wp:featuredmedia":[{"embeddable":true,"href":"https:\/\/agora.xtec.cat\/esc-teresabergada\/wp-json\/wp\/v2\/media\/522"}],"wp:attachment":[{"href":"https:\/\/agora.xtec.cat\/esc-teresabergada\/wp-json\/wp\/v2\/media?parent=520"}],"wp:term":[{"taxonomy":"category","embeddable":true,"href":"https:\/\/agora.xtec.cat\/esc-teresabergada\/wp-json\/wp\/v2\/categories?post=520"},{"taxonomy":"post_tag","embeddable":true,"href":"https:\/\/agora.xtec.cat\/esc-teresabergada\/wp-json\/wp\/v2\/tags?post=520"}],"curies":[{"name":"wp","href":"https:\/\/api.w.org\/{rel}","templated":true}]}}