{"id":5191,"date":"2019-11-06T12:31:16","date_gmt":"2019-11-06T11:31:16","guid":{"rendered":"http:\/\/agora.xtec.cat\/esc-teresabergada\/?p=5191"},"modified":"2019-11-06T12:35:32","modified_gmt":"2019-11-06T11:35:32","slug":"la-castanyada","status":"publish","type":"post","link":"https:\/\/agora.xtec.cat\/esc-teresabergada\/general\/la-castanyada\/","title":{"rendered":"LA CASTANYADA"},"content":{"rendered":"<p style=\"text-align: justify;\">El 31 d&#8217;octubre els i les alumnes de l&#8217;escola Teresa Bergad\u00e0 vam celebrar la Castanyada al pavell\u00f3 d&#8217;Alguaire. Cada curs va preparar un ball per mostrar-lo als pares, familiars, amics&#8230;perqu\u00e8 \u00e9s una tradici\u00f3 de la nostra escola.<\/p>\n<p style=\"text-align: justify;\">Les danses que vam ballar van ser aquestes:<\/p>\n<ul style=\"text-align: justify;\">\n<li>P3, P4, P5 La rumba de les castanyes.<\/li>\n<li>1r. El calendari de tardor.<\/li>\n<li>2n. El ball del Patatuf.<\/li>\n<li>3r. La Masovera.<\/li>\n<li>4t. El ball de l&#8217;indiot.<\/li>\n<li>5\u00e8. El ball del Virolet.<\/li>\n<li>6\u00e8. Les Sardanes.<\/li>\n<\/ul>\n<p style=\"text-align: justify;\">A m\u00e9s a m\u00e9s durant el mat\u00ed vam fer tallers de tardor i Halloween. Vam passar per 4 tallers: en un vam cantar a l&#8217;altre cuinar,en un 3r. pintar i per \u00faltim cosir.<\/p>\n<p>Iker i Josep<\/p>\n\r\n\t<div class=\"slideshow_container slideshow_container_style-light\" style=\"height: 300px; \" data-slideshow-id=\"5195\" data-style-name=\"style-light\" data-style-version=\"2.3.1\" >\r\n\r\n\t\t\t\t\t<div class=\"slideshow_loading_icon\"><\/div>\r\n\t\t\r\n\t\t<div class=\"slideshow_content\" style=\"display: none;\">\r\n\r\n\t\t\t<div class=\"slideshow_view\">\t<div style=\"clear: both;\"><\/div><\/div><div class=\"slideshow_view\">\t<div style=\"clear: both;\"><\/div><\/div><div class=\"slideshow_view\">\t<div style=\"clear: both;\"><\/div><\/div><div class=\"slideshow_view\">\t<div style=\"clear: both;\"><\/div><\/div><div class=\"slideshow_view\">\t<div style=\"clear: both;\"><\/div><\/div>\r\n\t\t<\/div>\r\n\r\n\t\t<div class=\"slideshow_controlPanel slideshow_transparent\" style=\"display: none;\"><ul><li class=\"slideshow_togglePlay\" data-play-text=\"Visualitza\" data-pause-text=\"Pausa\"><\/li><\/ul><\/div>\r\n\r\n\t\t<div class=\"slideshow_button slideshow_previous slideshow_transparent\" role=\"button\" data-previous-text=\"Anterior\" style=\"display: none;\"><\/div>\r\n\t\t<div class=\"slideshow_button slideshow_next slideshow_transparent\" role=\"button\" data-next-text=\"Seg\u00fcent\" style=\"display: none;\"><\/div>\r\n\r\n\t\t<div class=\"slideshow_pagination\" style=\"display: none;\" data-go-to-text=\"V\u00e9s a la diapositiva\"><div class=\"slideshow_pagination_center\"><\/div><\/div>\r\n\r\n\t\t<!-- WordPress Slideshow Version 2.3.1 -->\r\n\r\n\t\t\t<\/div>\r\n\r\n\n","protected":false},"excerpt":{"rendered":"<p>El 31 d&#8217;octubre els i les alumnes de l&#8217;escola Teresa Bergad\u00e0 vam celebrar la Castanyada al pavell\u00f3 d&#8217;Alguaire. Cada curs va preparar un ball per mostrar-lo als pares, familiars, amics&#8230;perqu\u00e8 \u00e9s una tradici\u00f3 de la nostra escola.<br \/>\nLes danses que vam ballar van ser aquestes:<\/p>\n<ul style=\"text-align:&hellip;  <a href=\"https:\/\/agora.xtec.cat\/esc-teresabergada\/general\/la-castanyada\/\" title=\"Read LA CASTANYADA\">Llegeix m\u00e9s\u00bb<\/a><\/p>\n","protected":false},"author":1,"featured_media":0,"comment_status":"open","ping_status":"closed","sticky":false,"template":"","format":"standard","meta":{"_bbp_topic_count":0,"_bbp_reply_count":0,"_bbp_total_topic_count":0,"_bbp_total_reply_count":0,"_bbp_voice_count":0,"_bbp_anonymous_reply_count":0,"_bbp_topic_count_hidden":0,"_bbp_reply_count_hidden":0,"_bbp_forum_subforum_count":0,"footnotes":""},"categories":[1],"tags":[],"class_list":["post-5191","post","type-post","status-publish","format-standard","hentry","category-general"],"post_mailing_queue_ids":[],"_links":{"self":[{"href":"https:\/\/agora.xtec.cat\/esc-teresabergada\/wp-json\/wp\/v2\/posts\/5191","targetHints":{"allow":["GET"]}}],"collection":[{"href":"https:\/\/agora.xtec.cat\/esc-teresabergada\/wp-json\/wp\/v2\/posts"}],"about":[{"href":"https:\/\/agora.xtec.cat\/esc-teresabergada\/wp-json\/wp\/v2\/types\/post"}],"author":[{"embeddable":true,"href":"https:\/\/agora.xtec.cat\/esc-teresabergada\/wp-json\/wp\/v2\/users\/1"}],"replies":[{"embeddable":true,"href":"https:\/\/agora.xtec.cat\/esc-teresabergada\/wp-json\/wp\/v2\/comments?post=5191"}],"version-history":[{"count":3,"href":"https:\/\/agora.xtec.cat\/esc-teresabergada\/wp-json\/wp\/v2\/posts\/5191\/revisions"}],"predecessor-version":[{"id":5200,"href":"https:\/\/agora.xtec.cat\/esc-teresabergada\/wp-json\/wp\/v2\/posts\/5191\/revisions\/5200"}],"wp:attachment":[{"href":"https:\/\/agora.xtec.cat\/esc-teresabergada\/wp-json\/wp\/v2\/media?parent=5191"}],"wp:term":[{"taxonomy":"category","embeddable":true,"href":"https:\/\/agora.xtec.cat\/esc-teresabergada\/wp-json\/wp\/v2\/categories?post=5191"},{"taxonomy":"post_tag","embeddable":true,"href":"https:\/\/agora.xtec.cat\/esc-teresabergada\/wp-json\/wp\/v2\/tags?post=5191"}],"curies":[{"name":"wp","href":"https:\/\/api.w.org\/{rel}","templated":true}]}}