{"id":5177,"date":"2019-11-01T20:34:56","date_gmt":"2019-11-01T19:34:56","guid":{"rendered":"http:\/\/agora.xtec.cat\/esc-teresabergada\/?p=5177"},"modified":"2019-11-13T13:20:48","modified_gmt":"2019-11-13T12:20:48","slug":"tradicions-vives","status":"publish","type":"post","link":"https:\/\/agora.xtec.cat\/esc-teresabergada\/portada\/tradicions-vives\/","title":{"rendered":"Tradicions vives als tallers de tardor"},"content":{"rendered":"<p style=\"text-align: justify;\">Si pogu\u00e9ssim rec\u00f3rrer a poques paraules per donar llum a les viv\u00e8ncies dels infants durant el dia 30 d&#8217;octubre a l&#8217;escola Teresa Bergad\u00e0 serien: <span style=\"color: #993300;\"><strong>FEM COMUNITAT<\/strong><\/span> &#8211; <span style=\"color: #ff9900;\"><strong>TALLERS<\/strong><strong> INTERNIVELLS <\/strong><\/span>&#8211; <span style=\"color: #ff0000;\"><strong>OLOR A CASTANYES<\/strong><\/span><\/p>\n<p style=\"text-align: justify;\">Us convidem a reviure amb els vostres fills i filles de les experi\u00e8ncies viscudes tot fent clic als seg\u00fcents enlla\u00e7os:<\/p>\n<p style=\"text-align: justify;\"><a href=\"https:\/\/photos.app.goo.gl\/xq48bPTDQgTkqH4t8\" target=\"_blank\" rel=\"noopener noreferrer\"><strong>La fulles omplen les aules dels m\u00e9s menuts de l\u2019escola<\/strong><\/a>. Hem confeccionat banderoles ornamentals pel passad\u00eds mitjan\u00e7ant l&#8217;estampaci\u00f3 de fulles naturals de tardor i hem creat una fulla de fang decorada amb elements naturals (pedretes, palets, fulles, trossos d&#8217;escor\u00e7a, aglans i boletes d&#8217;arbustos).<\/p>\n<p style=\"text-align: justify;\"><a href=\"https:\/\/photos.app.goo.gl\/eo8dgzLCoMqFXQjNA\" target=\"_blank\" rel=\"noopener noreferrer\"><strong>Quan el treball per projectes, les plantes, deixa petjada als tallers de cicle inicial<\/strong><\/a>. Una de les caracter\u00edstiques per excel\u00b7l\u00e8ncia de la tardor \u00e9s la caiguda de les fulles; ho hem volgut aprofitar i transformar-ho en art. Durant el mat\u00ed, i a ritme de can\u00e7ons de castanyada, les hem pintat amb mil i una senefa. Castanyada, castanyes, Halloween, fulles, panellets&#8230;Quantes paraules coneixem sobre la tardor. I qu\u00e8 podem fer amb aquest vocabulari? Doncs&#8230; un n\u00favol de paraules. A l&#8217;aula d&#8217;inform\u00e0tica, hem creat gr\u00e0cies al programa Nubes de palabras, els nostres n\u00favols de diferents formes: paraig\u00fces, ratpenats, carabassa i una cara somrient. Una experi\u00e8ncia enriquidora, per\u00f2 sobretot divertida.<\/p>\n<p style=\"text-align: justify;\"><strong><a href=\"https:\/\/photos.app.goo.gl\/S4UUXzfAgnYqkmg8A\" target=\"_blank\" rel=\"noopener noreferrer\">La<\/a><a href=\"https:\/\/photos.app.goo.gl\/S4UUXzfAgnYqkmg8A\" target=\"_blank\" rel=\"noopener noreferrer\"> pintura \u00e9s la protagonista dels mitjans de l\u2019educaci\u00f3 prim\u00e0ria<\/a>.<\/strong> Hem dissenyat mandales amb puntillisme per poder guarnir uns cercles de fusta amb escor\u00e7a i hem pintat fulles de tardor en diferents tonalitats que serviran per decorar el passad\u00eds.<\/p>\n<p style=\"text-align: justify;\"><strong><a href=\"https:\/\/photos.app.goo.gl\/yQM3i3UNsF5CpTK16\" target=\"_blank\" rel=\"noopener noreferrer\">Diferents tradicions s\u2019agermanen amb els m\u00e9s grans<\/a>.<\/strong> Mentre l&#8217;olor a lavanda impregna el taller de Halloween songs, els colors de la tardor i l&#8217;art culinari es fan presents a l&#8217;altre costat de passad\u00eds de cicle superior.<\/p>\n<p style=\"text-align: justify;\">\n","protected":false},"excerpt":{"rendered":"<p>Si pogu\u00e9ssim rec\u00f3rrer a poques paraules per donar llum a les viv\u00e8ncies dels infants durant el dia 30 d&#8217;octubre a l&#8217;escola Teresa Bergad\u00e0 serien: FEM COMUNITAT &#8211; TALLERS INTERNIVELLS &#8211; OLOR A CASTANYES<br \/>\nUs convidem a reviure amb els vostres fills i filles de les experi\u00e8ncies&hellip;  <a href=\"https:\/\/agora.xtec.cat\/esc-teresabergada\/portada\/tradicions-vives\/\" title=\"Read Tradicions vives als tallers de tardor\">Llegeix m\u00e9s\u00bb<\/a><\/p>\n","protected":false},"author":1,"featured_media":5181,"comment_status":"open","ping_status":"closed","sticky":false,"template":"","format":"standard","meta":{"_bbp_topic_count":0,"_bbp_reply_count":0,"_bbp_total_topic_count":0,"_bbp_total_reply_count":0,"_bbp_voice_count":0,"_bbp_anonymous_reply_count":0,"_bbp_topic_count_hidden":0,"_bbp_reply_count_hidden":0,"_bbp_forum_subforum_count":0,"footnotes":""},"categories":[4],"tags":[57,421,263],"class_list":["post-5177","post","type-post","status-publish","format-standard","has-post-thumbnail","hentry","category-portada","tag-danses","tag-tallers-internivells","tag-tardor"],"post_mailing_queue_ids":[],"_links":{"self":[{"href":"https:\/\/agora.xtec.cat\/esc-teresabergada\/wp-json\/wp\/v2\/posts\/5177","targetHints":{"allow":["GET"]}}],"collection":[{"href":"https:\/\/agora.xtec.cat\/esc-teresabergada\/wp-json\/wp\/v2\/posts"}],"about":[{"href":"https:\/\/agora.xtec.cat\/esc-teresabergada\/wp-json\/wp\/v2\/types\/post"}],"author":[{"embeddable":true,"href":"https:\/\/agora.xtec.cat\/esc-teresabergada\/wp-json\/wp\/v2\/users\/1"}],"replies":[{"embeddable":true,"href":"https:\/\/agora.xtec.cat\/esc-teresabergada\/wp-json\/wp\/v2\/comments?post=5177"}],"version-history":[{"count":3,"href":"https:\/\/agora.xtec.cat\/esc-teresabergada\/wp-json\/wp\/v2\/posts\/5177\/revisions"}],"predecessor-version":[{"id":5306,"href":"https:\/\/agora.xtec.cat\/esc-teresabergada\/wp-json\/wp\/v2\/posts\/5177\/revisions\/5306"}],"wp:featuredmedia":[{"embeddable":true,"href":"https:\/\/agora.xtec.cat\/esc-teresabergada\/wp-json\/wp\/v2\/media\/5181"}],"wp:attachment":[{"href":"https:\/\/agora.xtec.cat\/esc-teresabergada\/wp-json\/wp\/v2\/media?parent=5177"}],"wp:term":[{"taxonomy":"category","embeddable":true,"href":"https:\/\/agora.xtec.cat\/esc-teresabergada\/wp-json\/wp\/v2\/categories?post=5177"},{"taxonomy":"post_tag","embeddable":true,"href":"https:\/\/agora.xtec.cat\/esc-teresabergada\/wp-json\/wp\/v2\/tags?post=5177"}],"curies":[{"name":"wp","href":"https:\/\/api.w.org\/{rel}","templated":true}]}}