{"id":5165,"date":"2019-10-29T21:23:18","date_gmt":"2019-10-29T20:23:18","guid":{"rendered":"http:\/\/agora.xtec.cat\/esc-teresabergada\/?p=5165"},"modified":"2021-10-06T22:58:44","modified_gmt":"2021-10-06T20:58:44","slug":"passatge-de-la-por","status":"publish","type":"post","link":"https:\/\/agora.xtec.cat\/esc-teresabergada\/blocs-de-primaria\/5e\/passatge-de-la-por\/","title":{"rendered":"PASSATGE DE LA POR!"},"content":{"rendered":"<h3><span style=\"color: #ff0000\">Avui el passatge de la por ha sigut tot un \u00e8xit!<\/span><\/h3>\n<h5><i>Alguns alumnes de 3r van tenir la iniciativa de preparar un mini-passatge del terror pels seus company\/es de l&#8217;escola, amb disfresses i decoraci\u00f3 pr\u00f2pies de Halloween i tot acompanyat per una una m\u00fasica de fons per donar m\u00e9s aire de\u00a0misteri i intriga.<\/i><\/h5>\n<h4>Els petits-grans actors s&#8217;han posat molt en el seu paper i ho han fet molt b\u00e9!<\/h4>\n<h3><span style=\"color: #000000\">Tot l&#8217;alumnat, des de P5 fins a 4t, l&#8217;han visitat i l&#8217;han pogut gaudir.\u00a0<\/span><\/h3>\n<h4><span style=\"color: #ff0000\">GR\u00c0CIES<\/span> per aquesta estoneta &#8220;terror\u00edfica&#8221; que ens heu fet passar!<\/h4>\n<p><a href=\"https:\/\/agora.xtec.cat\/esc-teresabergada\/wp-content\/uploads\/usu1533\/2019\/10\/IMG-20191029-WA0005.jpg\"><img loading=\"lazy\" decoding=\"async\" class=\"alignnone wp-image-5167\" src=\"https:\/\/agora.xtec.cat\/esc-teresabergada\/wp-content\/uploads\/usu1533\/2019\/10\/IMG-20191029-WA0005-1024x768.jpg\" alt=\"\" width=\"381\" height=\"285\" \/><\/a> <a href=\"https:\/\/agora.xtec.cat\/esc-teresabergada\/wp-content\/uploads\/usu1533\/2019\/10\/IMG-20191029-WA0006.jpg\"><img loading=\"lazy\" decoding=\"async\" class=\"alignnone wp-image-5168\" src=\"https:\/\/agora.xtec.cat\/esc-teresabergada\/wp-content\/uploads\/usu1533\/2019\/10\/IMG-20191029-WA0006-1024x768.jpg\" alt=\"\" width=\"381\" height=\"285\" \/><\/a> <a href=\"https:\/\/agora.xtec.cat\/esc-teresabergada\/wp-content\/uploads\/usu1533\/2019\/10\/IMG-20191029-WA0008.jpg\"><img loading=\"lazy\" decoding=\"async\" class=\"alignnone wp-image-5169\" src=\"https:\/\/agora.xtec.cat\/esc-teresabergada\/wp-content\/uploads\/usu1533\/2019\/10\/IMG-20191029-WA0008-1024x768.jpg\" alt=\"\" width=\"765\" height=\"573\" \/><\/a> <a href=\"https:\/\/agora.xtec.cat\/esc-teresabergada\/wp-content\/uploads\/usu1533\/2019\/10\/IMG-20191029-WA0009.jpg\"><img loading=\"lazy\" decoding=\"async\" class=\"alignnone wp-image-5170\" src=\"https:\/\/agora.xtec.cat\/esc-teresabergada\/wp-content\/uploads\/usu1533\/2019\/10\/IMG-20191029-WA0009-1024x768.jpg\" alt=\"\" width=\"381\" height=\"285\" \/><\/a> <a href=\"https:\/\/agora.xtec.cat\/esc-teresabergada\/wp-content\/uploads\/usu1533\/2019\/10\/IMG-20191029-WA0010.jpg\"><img loading=\"lazy\" decoding=\"async\" class=\"alignnone wp-image-5171\" src=\"https:\/\/agora.xtec.cat\/esc-teresabergada\/wp-content\/uploads\/usu1533\/2019\/10\/IMG-20191029-WA0010-1024x768.jpg\" alt=\"\" width=\"379\" height=\"284\" srcset=\"https:\/\/agora.xtec.cat\/esc-teresabergada\/wp-content\/uploads\/usu1533\/2019\/10\/IMG-20191029-WA0010-1024x768.jpg 1024w, https:\/\/agora.xtec.cat\/esc-teresabergada\/wp-content\/uploads\/usu1533\/2019\/10\/IMG-20191029-WA0010-300x225.jpg 300w, https:\/\/agora.xtec.cat\/esc-teresabergada\/wp-content\/uploads\/usu1533\/2019\/10\/IMG-20191029-WA0010-768x576.jpg 768w, https:\/\/agora.xtec.cat\/esc-teresabergada\/wp-content\/uploads\/usu1533\/2019\/10\/IMG-20191029-WA0010-200x150.jpg 200w, https:\/\/agora.xtec.cat\/esc-teresabergada\/wp-content\/uploads\/usu1533\/2019\/10\/IMG-20191029-WA0010.jpg 1600w\" sizes=\"auto, (max-width: 379px) 100vw, 379px\" \/><\/a><\/p>\n","protected":false},"excerpt":{"rendered":"<p>Atreveix-te a entrar!&hellip;  <a href=\"https:\/\/agora.xtec.cat\/esc-teresabergada\/blocs-de-primaria\/5e\/passatge-de-la-por\/\" title=\"Read PASSATGE DE LA POR!\">Llegeix m\u00e9s\u00bb<\/a><\/p>\n","protected":false},"author":28,"featured_media":5166,"comment_status":"open","ping_status":"closed","sticky":false,"template":"","format":"standard","meta":{"_bbp_topic_count":0,"_bbp_reply_count":0,"_bbp_total_topic_count":0,"_bbp_total_reply_count":0,"_bbp_voice_count":0,"_bbp_anonymous_reply_count":0,"_bbp_topic_count_hidden":0,"_bbp_reply_count_hidden":0,"_bbp_forum_subforum_count":0,"footnotes":""},"categories":[349],"tags":[],"class_list":["post-5165","post","type-post","status-publish","format-standard","has-post-thumbnail","hentry","category-5e"],"post_mailing_queue_ids":[],"_links":{"self":[{"href":"https:\/\/agora.xtec.cat\/esc-teresabergada\/wp-json\/wp\/v2\/posts\/5165","targetHints":{"allow":["GET"]}}],"collection":[{"href":"https:\/\/agora.xtec.cat\/esc-teresabergada\/wp-json\/wp\/v2\/posts"}],"about":[{"href":"https:\/\/agora.xtec.cat\/esc-teresabergada\/wp-json\/wp\/v2\/types\/post"}],"author":[{"embeddable":true,"href":"https:\/\/agora.xtec.cat\/esc-teresabergada\/wp-json\/wp\/v2\/users\/28"}],"replies":[{"embeddable":true,"href":"https:\/\/agora.xtec.cat\/esc-teresabergada\/wp-json\/wp\/v2\/comments?post=5165"}],"version-history":[{"count":2,"href":"https:\/\/agora.xtec.cat\/esc-teresabergada\/wp-json\/wp\/v2\/posts\/5165\/revisions"}],"predecessor-version":[{"id":5173,"href":"https:\/\/agora.xtec.cat\/esc-teresabergada\/wp-json\/wp\/v2\/posts\/5165\/revisions\/5173"}],"wp:featuredmedia":[{"embeddable":true,"href":"https:\/\/agora.xtec.cat\/esc-teresabergada\/wp-json\/wp\/v2\/media\/5166"}],"wp:attachment":[{"href":"https:\/\/agora.xtec.cat\/esc-teresabergada\/wp-json\/wp\/v2\/media?parent=5165"}],"wp:term":[{"taxonomy":"category","embeddable":true,"href":"https:\/\/agora.xtec.cat\/esc-teresabergada\/wp-json\/wp\/v2\/categories?post=5165"},{"taxonomy":"post_tag","embeddable":true,"href":"https:\/\/agora.xtec.cat\/esc-teresabergada\/wp-json\/wp\/v2\/tags?post=5165"}],"curies":[{"name":"wp","href":"https:\/\/api.w.org\/{rel}","templated":true}]}}