{"id":5152,"date":"2019-10-28T15:56:18","date_gmt":"2019-10-28T14:56:18","guid":{"rendered":"http:\/\/agora.xtec.cat\/esc-teresabergada\/?p=5152"},"modified":"2019-10-28T15:58:25","modified_gmt":"2019-10-28T14:58:25","slug":"cantania-2020","status":"publish","type":"post","link":"https:\/\/agora.xtec.cat\/esc-teresabergada\/portada\/cantania-2020\/","title":{"rendered":"CANT\u00c0NIA 2020"},"content":{"rendered":"<div class=\"entry-content\">\n<p>Un any m\u00e9s torna el PROJECTE CANT\u00c0NIA.A l\u2019escola participem en aquest\u00a0 Projecte\u00a0 amb els alumnes de 4t de Cicle Mitj\u00e0.<\/p>\n<p>Aquest curs 2019-2020 l\u2019obra \u00e9s titula \u201cVirtual\u201d amb m\u00fasica d\u2019\u00d2scar Pe\u00f1arroya i text de C\u00e8sar Aparicio.<\/p>\n<p><img loading=\"lazy\" decoding=\"async\" class=\"alignnone size-full wp-image-5\" src=\"http:\/\/blocs.xtec.cat\/cantania2020alguaire\/files\/2019\/10\/\u00edndex.jpg\" sizes=\"auto, (max-width: 225px) 100vw, 225px\" srcset=\"https:\/\/blocs.xtec.cat\/cantania2020alguaire\/files\/2019\/10\/\u00edndex.jpg 225w, https:\/\/blocs.xtec.cat\/cantania2020alguaire\/files\/2019\/10\/\u00edndex-150x150.jpg 150w\" alt=\"\" width=\"225\" height=\"225\" \/><\/p>\n<p>Aqui en teniu el resum:<\/p>\n<p>En Marcel est\u00e0 trist. Fa poc que s\u2019han separat sa mare i son pare, i \u00faltimament no t\u00e9 gaires ganes de fer vida social. Alguns companys de l\u2019escola li fan bromes que no li agraden i, tot i que la Gina el convida a la seva festa d\u2019aniversari, ell s\u2019estima m\u00e9s quedar-se a casa. El pare s\u2019ha comprat un ordinador molt potent i la mare li ha regalat un tel\u00e8fon m\u00f2bil per poder-s\u2019hi comunicar m\u00e9s f\u00e0cilment. En Marcel est\u00e0 encantat de passar-se hores amb els seus nous dispositius digitals.<\/p>\n<p>La pluja li agrada molt, a en Marcel. Quan plou li encanta posar-se l\u2019impermeable i les botes d\u2019aigua i sortir a fora per sentir les gotes de pluja a la cara i ficar els peus en els bassals. Un dia, a casa del pare, comen\u00e7a a ploure i ell intenta pujar al terrat, per\u00f2 la cangur li ho impedeix. Enfadat, engega l\u2019ordinador i veu que comencen a sortir finestretes amb anuncis. Un dels anuncis \u00e9s d\u2019una aplicaci\u00f3 d\u2019intel\u00b7lig\u00e8ncia artificial. En Marcel no s\u2019ho repensa i en comen\u00e7a el proc\u00e9s d\u2019instal\u00b7laci\u00f3. La pluja fina s\u2019ha convertit en una bona tempesta i, just en el moment en qu\u00e8 est\u00e0 acabant d\u2019instal\u00b7lar la nova aplicaci\u00f3, cau un llamp eixordador, que fa saltar el diferencial de casa. Llavors li cau un got d\u2019aigua sobre l\u2019ordinador. Tot queda a les fosques. Tot menys un punt vermell a la pantalla de l\u2019ordinador i un altre al m\u00f2bil d\u2019en Marcel.<\/p>\n<p>De sobte apareix la Sara, la seva assistenta virtual. La Sara est\u00e0 programada per a ajudar-lo i t\u00e9 la capacitat d\u2019aprendre. Aix\u00f2 obre un munt de possibilitats per a en Marcel: La Sara el pot ajudar a estudiar i a fer els deures de l\u2019escola; Amb unes ulleres de realitat virtual, en Marcel explora mons incre\u00efbles\u2026 Juga i apr\u00e8n amb una intensitat amb qu\u00e8 no ho havia fet mai. Aviat la Sara i en Marcel es faran amics inseparables. Cada dia, en tornar de l\u2019escola, en Marcel se\u2019n va de cap a l\u2019ordinador del pare, fascinat pel m\u00f3n virtual. Aix\u00ed es va allunyant cada vegada m\u00e9s dels altres nens.<\/p>\n<p>Gr\u00e0cies a en Marcel, la Sara apr\u00e8n qu\u00e8 ens fa humans i aix\u00f2 l\u2019ajuda en el seu proc\u00e9s de coneixement de les emocions. Els seus par\u00e0metres d\u2019aprenentatge van creixent molt i es va tornant m\u00e9s i m\u00e9s humana.<\/p>\n<p>En Marcel s\u2019ho passa tan b\u00e9 jugant i aprenent amb la Sara que no li ve de gust anar a la festa de la Gina. La Sara ent\u00e9n que en Marcel s\u2019est\u00e0 a\u00efllant dels individus de la seva esp\u00e8cie i que aix\u00f2 a la llarga no li far\u00e0 b\u00e9. Despr\u00e9s d\u2019analitzar el seu dilema, i en un cop d\u2019humanitat, la Sara decideix ajudar en Marcel a tornar a relacionar-se amb els amics i desapareix de la seva vida.<\/p>\n<\/div>\n","protected":false},"excerpt":{"rendered":"<p>Un any m\u00e9s torna el PROJECTE CANT\u00c0NIA.A l\u2019escola participem en aquest\u00a0 Projecte\u00a0 amb els alumnes de 4t de Cicle Mitj\u00e0.<br \/>\nAquest curs 2019-2020 l\u2019obra \u00e9s titula \u201cVirtual\u201d amb m\u00fasica d\u2019\u00d2scar Pe\u00f1arroya i text de C\u00e8sar Aparicio.<\/p>\n<p>Aqui en teniu el resum:<br \/>\nEn Marcel est\u00e0 trist. Fa poc que&hellip;  <a href=\"https:\/\/agora.xtec.cat\/esc-teresabergada\/portada\/cantania-2020\/\" title=\"Read CANT\u00c0NIA 2020\">Llegeix m\u00e9s\u00bb<\/a><\/p>\n","protected":false},"author":1,"featured_media":5153,"comment_status":"open","ping_status":"closed","sticky":false,"template":"","format":"standard","meta":{"_bbp_topic_count":0,"_bbp_reply_count":0,"_bbp_total_topic_count":0,"_bbp_total_reply_count":0,"_bbp_voice_count":0,"_bbp_anonymous_reply_count":0,"_bbp_topic_count_hidden":0,"_bbp_reply_count_hidden":0,"_bbp_forum_subforum_count":0,"footnotes":""},"categories":[349,104,4],"tags":[316,224,441,101],"class_list":["post-5152","post","type-post","status-publish","format-standard","has-post-thumbnail","hentry","category-5e","category-musica","category-portada","tag-auditori","tag-cancons","tag-cantania-2020","tag-cantata"],"post_mailing_queue_ids":[],"_links":{"self":[{"href":"https:\/\/agora.xtec.cat\/esc-teresabergada\/wp-json\/wp\/v2\/posts\/5152","targetHints":{"allow":["GET"]}}],"collection":[{"href":"https:\/\/agora.xtec.cat\/esc-teresabergada\/wp-json\/wp\/v2\/posts"}],"about":[{"href":"https:\/\/agora.xtec.cat\/esc-teresabergada\/wp-json\/wp\/v2\/types\/post"}],"author":[{"embeddable":true,"href":"https:\/\/agora.xtec.cat\/esc-teresabergada\/wp-json\/wp\/v2\/users\/1"}],"replies":[{"embeddable":true,"href":"https:\/\/agora.xtec.cat\/esc-teresabergada\/wp-json\/wp\/v2\/comments?post=5152"}],"version-history":[{"count":1,"href":"https:\/\/agora.xtec.cat\/esc-teresabergada\/wp-json\/wp\/v2\/posts\/5152\/revisions"}],"predecessor-version":[{"id":5154,"href":"https:\/\/agora.xtec.cat\/esc-teresabergada\/wp-json\/wp\/v2\/posts\/5152\/revisions\/5154"}],"wp:featuredmedia":[{"embeddable":true,"href":"https:\/\/agora.xtec.cat\/esc-teresabergada\/wp-json\/wp\/v2\/media\/5153"}],"wp:attachment":[{"href":"https:\/\/agora.xtec.cat\/esc-teresabergada\/wp-json\/wp\/v2\/media?parent=5152"}],"wp:term":[{"taxonomy":"category","embeddable":true,"href":"https:\/\/agora.xtec.cat\/esc-teresabergada\/wp-json\/wp\/v2\/categories?post=5152"},{"taxonomy":"post_tag","embeddable":true,"href":"https:\/\/agora.xtec.cat\/esc-teresabergada\/wp-json\/wp\/v2\/tags?post=5152"}],"curies":[{"name":"wp","href":"https:\/\/api.w.org\/{rel}","templated":true}]}}