{"id":515,"date":"2016-11-11T10:30:04","date_gmt":"2016-11-11T09:30:04","guid":{"rendered":"http:\/\/agora.xtec.cat\/esc-teresabergada\/?p=515"},"modified":"2017-03-13T11:20:17","modified_gmt":"2017-03-13T10:20:17","slug":"apadrinament-lector","status":"publish","type":"post","link":"https:\/\/agora.xtec.cat\/esc-teresabergada\/portada\/apadrinament-lector\/","title":{"rendered":"Apadrinament lector"},"content":{"rendered":"<p>&nbsp;<\/p>\n<p><strong>10-11 Novembre<\/strong><\/p>\n<p><strong>Cel.lebrem l&#8217;acte de l&#8217;apadrinament lector:Alumnes de sis\u00e8 i alumnes de cinqu\u00e8 amb els alumnes de primer.<\/strong><\/p>\n<p>L&#8217;apadrinament lector \u00e9s una activitat cooperativa que es realitza en parelles formades per alumnes de sis\u00e8 que fan de padrins de lectura i els alumnes de primer de prim\u00e0ria que fan de fillols. El fet de ser padr\u00ed de lectura representa que l&#8217;alumne padr\u00ed adquireix el comprom\u00eds principal de vetllar per l&#8217;aprenentatge lector del seu fillol. L\u2019ajuda a aprendre a llegir, alhora que mira d&#8217;encomanar-li el gust per la lectura tot engrescant-lo a llegir.<\/p>\n","protected":false},"excerpt":{"rendered":"<p>&nbsp;<br \/>\n10-11 Novembre<br \/>\nCel.lebrem l&#8217;acte de l&#8217;apadrinament lector:Alumnes de sis\u00e8 i alumnes de cinqu\u00e8 amb els alumnes de primer.<br \/>\nL&#8217;apadrinament lector \u00e9s una activitat cooperativa que es realitza en parelles formades per alumnes de sis\u00e8 que fan de padrins de lectura i els alumnes de primer de prim\u00e0ria&hellip;  <a href=\"https:\/\/agora.xtec.cat\/esc-teresabergada\/portada\/apadrinament-lector\/\" title=\"Read Apadrinament lector\">Llegeix m\u00e9s\u00bb<\/a><\/p>\n","protected":false},"author":1,"featured_media":0,"comment_status":"open","ping_status":"open","sticky":false,"template":"","format":"standard","meta":{"_bbp_topic_count":0,"_bbp_reply_count":0,"_bbp_total_topic_count":0,"_bbp_total_reply_count":0,"_bbp_voice_count":0,"_bbp_anonymous_reply_count":0,"_bbp_topic_count_hidden":0,"_bbp_reply_count_hidden":0,"_bbp_forum_subforum_count":0,"footnotes":""},"categories":[4],"tags":[64,63,65],"class_list":["post-515","post","type-post","status-publish","format-standard","hentry","category-portada","tag-apadrinament-lector","tag-lectura","tag-llibres"],"post_mailing_queue_ids":[],"_links":{"self":[{"href":"https:\/\/agora.xtec.cat\/esc-teresabergada\/wp-json\/wp\/v2\/posts\/515","targetHints":{"allow":["GET"]}}],"collection":[{"href":"https:\/\/agora.xtec.cat\/esc-teresabergada\/wp-json\/wp\/v2\/posts"}],"about":[{"href":"https:\/\/agora.xtec.cat\/esc-teresabergada\/wp-json\/wp\/v2\/types\/post"}],"author":[{"embeddable":true,"href":"https:\/\/agora.xtec.cat\/esc-teresabergada\/wp-json\/wp\/v2\/users\/1"}],"replies":[{"embeddable":true,"href":"https:\/\/agora.xtec.cat\/esc-teresabergada\/wp-json\/wp\/v2\/comments?post=515"}],"version-history":[{"count":4,"href":"https:\/\/agora.xtec.cat\/esc-teresabergada\/wp-json\/wp\/v2\/posts\/515\/revisions"}],"predecessor-version":[{"id":530,"href":"https:\/\/agora.xtec.cat\/esc-teresabergada\/wp-json\/wp\/v2\/posts\/515\/revisions\/530"}],"wp:attachment":[{"href":"https:\/\/agora.xtec.cat\/esc-teresabergada\/wp-json\/wp\/v2\/media?parent=515"}],"wp:term":[{"taxonomy":"category","embeddable":true,"href":"https:\/\/agora.xtec.cat\/esc-teresabergada\/wp-json\/wp\/v2\/categories?post=515"},{"taxonomy":"post_tag","embeddable":true,"href":"https:\/\/agora.xtec.cat\/esc-teresabergada\/wp-json\/wp\/v2\/tags?post=515"}],"curies":[{"name":"wp","href":"https:\/\/api.w.org\/{rel}","templated":true}]}}