{"id":5116,"date":"2019-10-23T22:29:43","date_gmt":"2019-10-23T20:29:43","guid":{"rendered":"http:\/\/agora.xtec.cat\/esc-teresabergada\/?p=5116"},"modified":"2019-10-23T22:36:09","modified_gmt":"2019-10-23T20:36:09","slug":"racons-de-joc-simbolic-i-propostes-dart","status":"publish","type":"post","link":"https:\/\/agora.xtec.cat\/esc-teresabergada\/infantil\/racons-de-joc-simbolic-i-propostes-dart\/","title":{"rendered":"RACONS DE JOC SIMB\u00d2LIC I PROPOSTES D&#8217;ART."},"content":{"rendered":"<p><a href=\"https:\/\/agora.xtec.cat\/esc-teresabergada\/wp-content\/uploads\/usu1533\/2019\/10\/joc-simb\u00f2lic-19-20.jpg\"><img loading=\"lazy\" decoding=\"async\" class=\"alignnone wp-image-5117\" src=\"https:\/\/agora.xtec.cat\/esc-teresabergada\/wp-content\/uploads\/usu1533\/2019\/10\/joc-simb\u00f2lic-19-20.jpg\" alt=\"\" width=\"785\" height=\"627\" \/><\/a><\/p>\n<p>Comencem la nova temporada de Joc Simb\u00f2lic i propostes d&#8217;art. Els dimecres explorarem, jugarem i ens relacionarem dins dels espais de Joc simb\u00f2lic: Cuineta-hospital-botiga, Escoleta i Disfresses. Enguany, intercalarem els Racons amb diferents propostes d&#8217;art. Farem pinzellades d&#8217;autors cl\u00e0ssics i treballarem les propostes de les Caixes d&#8217;artistes, del Centre d&#8217;Art la Panera. Hem iniciat l&#8217;Art amb els pintors Joan Mir\u00f3 i Henri Matisse.<\/p>\n<p>Com als Tallers, tamb\u00e9 treballarem en grups internivells, la qual cosa afavorir\u00e0 la interrelaci\u00f3 dels infants del mateix cicle. Si voleu veure alguna fotografia dels Racons, cliqueu <a href=\"https:\/\/photos.app.goo.gl\/E3qcrDSVYJMfZTSR8\"><strong><em>aqu\u00ed<\/em><\/strong>.<\/a><\/p>\n<p style=\"font-weight: 400\">\n","protected":false},"excerpt":{"rendered":"<p><a href=\"https:\/\/agora.xtec.cat\/esc-teresabergada\/wp-content\/uploads\/usu1533\/2019\/10\/joc-simb\u00f2lic-19-20.jpg\"><\/a><br \/>\nComencem la nova temporada de Joc Simb\u00f2lic i propostes d&#8217;art. Els dimecres explorarem, jugarem i ens relacionarem dins dels espais de Joc simb\u00f2lic: Cuineta-hospital-botiga, Escoleta i Disfresses. Enguany, intercalarem els Racons amb diferents propostes d&#8217;art. Farem pinzellades d&#8217;autors cl\u00e0ssics i treballarem les propostes de&hellip;  <a href=\"https:\/\/agora.xtec.cat\/esc-teresabergada\/infantil\/racons-de-joc-simbolic-i-propostes-dart\/\" title=\"Read RACONS DE JOC SIMB\u00d2LIC I PROPOSTES D&#8217;ART.\">Llegeix m\u00e9s\u00bb<\/a><\/p>\n","protected":false},"author":12,"featured_media":0,"comment_status":"open","ping_status":"closed","sticky":false,"template":"","format":"standard","meta":{"_bbp_topic_count":0,"_bbp_reply_count":0,"_bbp_total_topic_count":0,"_bbp_total_reply_count":0,"_bbp_voice_count":0,"_bbp_anonymous_reply_count":0,"_bbp_topic_count_hidden":0,"_bbp_reply_count_hidden":0,"_bbp_forum_subforum_count":0,"footnotes":""},"categories":[2],"tags":[174],"class_list":["post-5116","post","type-post","status-publish","format-standard","hentry","category-infantil","tag-joc-simbolic"],"post_mailing_queue_ids":[],"_links":{"self":[{"href":"https:\/\/agora.xtec.cat\/esc-teresabergada\/wp-json\/wp\/v2\/posts\/5116","targetHints":{"allow":["GET"]}}],"collection":[{"href":"https:\/\/agora.xtec.cat\/esc-teresabergada\/wp-json\/wp\/v2\/posts"}],"about":[{"href":"https:\/\/agora.xtec.cat\/esc-teresabergada\/wp-json\/wp\/v2\/types\/post"}],"author":[{"embeddable":true,"href":"https:\/\/agora.xtec.cat\/esc-teresabergada\/wp-json\/wp\/v2\/users\/12"}],"replies":[{"embeddable":true,"href":"https:\/\/agora.xtec.cat\/esc-teresabergada\/wp-json\/wp\/v2\/comments?post=5116"}],"version-history":[{"count":3,"href":"https:\/\/agora.xtec.cat\/esc-teresabergada\/wp-json\/wp\/v2\/posts\/5116\/revisions"}],"predecessor-version":[{"id":5120,"href":"https:\/\/agora.xtec.cat\/esc-teresabergada\/wp-json\/wp\/v2\/posts\/5116\/revisions\/5120"}],"wp:attachment":[{"href":"https:\/\/agora.xtec.cat\/esc-teresabergada\/wp-json\/wp\/v2\/media?parent=5116"}],"wp:term":[{"taxonomy":"category","embeddable":true,"href":"https:\/\/agora.xtec.cat\/esc-teresabergada\/wp-json\/wp\/v2\/categories?post=5116"},{"taxonomy":"post_tag","embeddable":true,"href":"https:\/\/agora.xtec.cat\/esc-teresabergada\/wp-json\/wp\/v2\/tags?post=5116"}],"curies":[{"name":"wp","href":"https:\/\/api.w.org\/{rel}","templated":true}]}}