{"id":5077,"date":"2019-10-17T09:47:04","date_gmt":"2019-10-17T07:47:04","guid":{"rendered":"http:\/\/agora.xtec.cat\/esc-teresabergada\/?p=5077"},"modified":"2019-10-17T09:56:15","modified_gmt":"2019-10-17T07:56:15","slug":"el-gsuite-a-la-classe-de-5e","status":"publish","type":"post","link":"https:\/\/agora.xtec.cat\/esc-teresabergada\/blocs-de-primaria\/6e\/el-gsuite-a-la-classe-de-5e\/","title":{"rendered":"EL GSUITE A LA CLASSE DE 5\u00c8"},"content":{"rendered":"<p style=\"text-align: justify\">La setmana passada la nostra tutora de 5\u00e8, la Laura, ens va ensenyar a inform\u00e0tica el GSUITE: un espai virtual que et permet treballar a trav\u00e9s d&#8217;un correu electr\u00f2nic, a m\u00e9s tens l&#8217;opci\u00f3 d&#8217;emmagatzemar arxius i compartir-los amb \u00a0company@s.<\/p>\n<p style=\"text-align: justify\">Penso que \u00e9s molt interessant per a treballar en equip i al mateix temps ens permet fer \u00a0tasques i projectes de tot el que treballem a l&#8217;escola.<\/p>\n<p><img loading=\"lazy\" decoding=\"async\" class=\"size-medium wp-image-5078 aligncenter\" src=\"https:\/\/agora.xtec.cat\/esc-teresabergada\/wp-content\/uploads\/usu1533\/2019\/10\/Google_GSuite-300x180.jpg\" alt=\"\" width=\"300\" height=\"180\" srcset=\"https:\/\/agora.xtec.cat\/esc-teresabergada\/wp-content\/uploads\/usu1533\/2019\/10\/Google_GSuite-300x180.jpg 300w, https:\/\/agora.xtec.cat\/esc-teresabergada\/wp-content\/uploads\/usu1533\/2019\/10\/Google_GSuite-768x461.jpg 768w, https:\/\/agora.xtec.cat\/esc-teresabergada\/wp-content\/uploads\/usu1533\/2019\/10\/Google_GSuite.jpg 1000w\" sizes=\"auto, (max-width: 300px) 100vw, 300px\" \/><\/p>\n<p>Laura i Alex<\/p>\n","protected":false},"excerpt":{"rendered":"<p>La setmana passada la nostra tutora de 5\u00e8, la Laura, ens va ensenyar a inform\u00e0tica el GSUITE: un espai virtual que et permet treballar a trav\u00e9s d&#8217;un correu electr\u00f2nic, a m\u00e9s tens l&#8217;opci\u00f3 d&#8217;emmagatzemar arxius i compartir-los amb \u00a0company@s.<br \/>\nPenso que \u00e9s molt interessant per a&hellip;  <a href=\"https:\/\/agora.xtec.cat\/esc-teresabergada\/blocs-de-primaria\/6e\/el-gsuite-a-la-classe-de-5e\/\" title=\"Read EL GSUITE A LA CLASSE DE 5\u00c8\">Llegeix m\u00e9s\u00bb<\/a><\/p>\n","protected":false},"author":32,"featured_media":5078,"comment_status":"open","ping_status":"closed","sticky":false,"template":"","format":"standard","meta":{"_bbp_topic_count":0,"_bbp_reply_count":0,"_bbp_total_topic_count":0,"_bbp_total_reply_count":0,"_bbp_voice_count":0,"_bbp_anonymous_reply_count":0,"_bbp_topic_count_hidden":0,"_bbp_reply_count_hidden":0,"_bbp_forum_subforum_count":0,"footnotes":""},"categories":[240],"tags":[],"class_list":["post-5077","post","type-post","status-publish","format-standard","has-post-thumbnail","hentry","category-6e"],"post_mailing_queue_ids":[],"_links":{"self":[{"href":"https:\/\/agora.xtec.cat\/esc-teresabergada\/wp-json\/wp\/v2\/posts\/5077","targetHints":{"allow":["GET"]}}],"collection":[{"href":"https:\/\/agora.xtec.cat\/esc-teresabergada\/wp-json\/wp\/v2\/posts"}],"about":[{"href":"https:\/\/agora.xtec.cat\/esc-teresabergada\/wp-json\/wp\/v2\/types\/post"}],"author":[{"embeddable":true,"href":"https:\/\/agora.xtec.cat\/esc-teresabergada\/wp-json\/wp\/v2\/users\/32"}],"replies":[{"embeddable":true,"href":"https:\/\/agora.xtec.cat\/esc-teresabergada\/wp-json\/wp\/v2\/comments?post=5077"}],"version-history":[{"count":2,"href":"https:\/\/agora.xtec.cat\/esc-teresabergada\/wp-json\/wp\/v2\/posts\/5077\/revisions"}],"predecessor-version":[{"id":5080,"href":"https:\/\/agora.xtec.cat\/esc-teresabergada\/wp-json\/wp\/v2\/posts\/5077\/revisions\/5080"}],"wp:featuredmedia":[{"embeddable":true,"href":"https:\/\/agora.xtec.cat\/esc-teresabergada\/wp-json\/wp\/v2\/media\/5078"}],"wp:attachment":[{"href":"https:\/\/agora.xtec.cat\/esc-teresabergada\/wp-json\/wp\/v2\/media?parent=5077"}],"wp:term":[{"taxonomy":"category","embeddable":true,"href":"https:\/\/agora.xtec.cat\/esc-teresabergada\/wp-json\/wp\/v2\/categories?post=5077"},{"taxonomy":"post_tag","embeddable":true,"href":"https:\/\/agora.xtec.cat\/esc-teresabergada\/wp-json\/wp\/v2\/tags?post=5077"}],"curies":[{"name":"wp","href":"https:\/\/api.w.org\/{rel}","templated":true}]}}