{"id":5070,"date":"2019-10-15T14:05:18","date_gmt":"2019-10-15T12:05:18","guid":{"rendered":"http:\/\/agora.xtec.cat\/esc-teresabergada\/?p=5070"},"modified":"2020-09-07T17:44:26","modified_gmt":"2020-09-07T15:44:26","slug":"sortida-a-la-mitjana","status":"publish","type":"post","link":"https:\/\/agora.xtec.cat\/esc-teresabergada\/blocs-de-primaria\/2n\/sortida-a-la-mitjana\/","title":{"rendered":"SORTIDA A LA MITJANA"},"content":{"rendered":"<p>El passat dijous 10 d\u2019octubre, els i les alumnes de cicle inicial vam fer una sortida al parc natural de la MITJANA, on \u00a0aigua, fauna i flora es donen la m\u00e0 en un espai de gran valor natural.<\/p>\n<p>Tal i com ens van explicar, la Mitjana es tracta d\u2019una zona humida de tipus fluvial. El microclima de la zona ha afavorit el creixement d\u2019un frond\u00f3s bosc de ribera. Pollancres, \u00e0lbers, verns i freixes; plantes arbustives com salzes, tamarius o esbarzers i un estrat herbaci on abunden les llenties d\u2019aigua, la boga, el cany\u00eds, el lliri groc i el jonc conformen la flora de la zona. La fauna \u00e9s tamb\u00e9 un altre punt d\u2019atenci\u00f3 destacable de la Mitjana.<\/p>\n<p>Tot el que ens van explicar i vam poder viure, ens ser\u00e0 de gran utilitat per poder continuar treballant i aprenent amb el projecte de les PLANTES.<\/p>\n<p><a href=\"https:\/\/photos.google.com\/share\/AF1QipO_Y5tP2W-FWdI2xBTIN6v6s0a1PUzpy5W6sRDXRsZ8cR710neKeV5HX2ZUKzkWpg?key=Rm9odTNwUnpSLUtta21Wd2NrS3RWeXhzTmhkalZB\">En aquest enlla\u00e7 podreu veure algunes de les nostres experi\u00e8ncies.<\/a><\/p>\n","protected":false},"excerpt":{"rendered":"<p>El passat dijous 10 d\u2019octubre, els i les alumnes de cicle inicial vam fer una sortida al parc natural de la MITJANA, on \u00a0aigua, fauna i flora es donen la m\u00e0 en un espai de gran valor natural.<br \/>\nTal i com ens van explicar, la Mitjana&hellip;  <a href=\"https:\/\/agora.xtec.cat\/esc-teresabergada\/blocs-de-primaria\/2n\/sortida-a-la-mitjana\/\" title=\"Read SORTIDA A LA MITJANA\">Llegeix m\u00e9s\u00bb<\/a><\/p>\n","protected":false},"author":1,"featured_media":0,"comment_status":"open","ping_status":"closed","sticky":false,"template":"","format":"standard","meta":{"_bbp_topic_count":0,"_bbp_reply_count":0,"_bbp_total_topic_count":0,"_bbp_total_reply_count":0,"_bbp_voice_count":0,"_bbp_anonymous_reply_count":0,"_bbp_topic_count_hidden":0,"_bbp_reply_count_hidden":0,"_bbp_forum_subforum_count":0,"footnotes":""},"categories":[153,238],"tags":[16],"class_list":["post-5070","post","type-post","status-publish","format-standard","hentry","category-2n","category-3r","tag-sortides"],"post_mailing_queue_ids":[],"_links":{"self":[{"href":"https:\/\/agora.xtec.cat\/esc-teresabergada\/wp-json\/wp\/v2\/posts\/5070","targetHints":{"allow":["GET"]}}],"collection":[{"href":"https:\/\/agora.xtec.cat\/esc-teresabergada\/wp-json\/wp\/v2\/posts"}],"about":[{"href":"https:\/\/agora.xtec.cat\/esc-teresabergada\/wp-json\/wp\/v2\/types\/post"}],"author":[{"embeddable":true,"href":"https:\/\/agora.xtec.cat\/esc-teresabergada\/wp-json\/wp\/v2\/users\/1"}],"replies":[{"embeddable":true,"href":"https:\/\/agora.xtec.cat\/esc-teresabergada\/wp-json\/wp\/v2\/comments?post=5070"}],"version-history":[{"count":1,"href":"https:\/\/agora.xtec.cat\/esc-teresabergada\/wp-json\/wp\/v2\/posts\/5070\/revisions"}],"predecessor-version":[{"id":5071,"href":"https:\/\/agora.xtec.cat\/esc-teresabergada\/wp-json\/wp\/v2\/posts\/5070\/revisions\/5071"}],"wp:attachment":[{"href":"https:\/\/agora.xtec.cat\/esc-teresabergada\/wp-json\/wp\/v2\/media?parent=5070"}],"wp:term":[{"taxonomy":"category","embeddable":true,"href":"https:\/\/agora.xtec.cat\/esc-teresabergada\/wp-json\/wp\/v2\/categories?post=5070"},{"taxonomy":"post_tag","embeddable":true,"href":"https:\/\/agora.xtec.cat\/esc-teresabergada\/wp-json\/wp\/v2\/tags?post=5070"}],"curies":[{"name":"wp","href":"https:\/\/api.w.org\/{rel}","templated":true}]}}