{"id":5058,"date":"2019-10-12T16:12:27","date_gmt":"2019-10-12T14:12:27","guid":{"rendered":"http:\/\/agora.xtec.cat\/esc-teresabergada\/?p=5058"},"modified":"2020-09-07T17:44:40","modified_gmt":"2020-09-07T15:44:40","slug":"reunio-inici-de-curs","status":"publish","type":"post","link":"https:\/\/agora.xtec.cat\/esc-teresabergada\/blocs-de-primaria\/2n\/reunio-inici-de-curs\/","title":{"rendered":"Reuni\u00f3 inici de curs CICLE INICIAL"},"content":{"rendered":"<p>El passat dijous 10 d&#8217;octubre, a l&#8217;escola vam celebrar la reuni\u00f3 d&#8217;inici de curs amb les fam\u00edlies de Cicle Inicial. Una estona per\u00a0 trobar-nos i compartir la idea de com ajudem a que els nostres alumnes puguin esdevindre persones formades tan\u00a0 intel\u00b7lectual com emocionalment.<\/p>\n<p>Aqu\u00ed us deixem l&#8217;enlla\u00e7 de la presentaci\u00f3 que es va realitzar:<\/p>\n<p><a href=\"https:\/\/agora.xtec.cat\/esc-teresabergada\/wp-content\/uploads\/usu1533\/2019\/10\/REUNIO-INICI-CURS-19-20.pdf\">REUNI\u00d3 INICI CURS 19-20<\/a><\/p>\n<p><a href=\"https:\/\/photos.app.goo.gl\/nWKBiKf5J6Th4W626\">V\u00eddeos de presentaci\u00f3 dels alumnes<\/a><\/p>\n<p>Esperem que us hagi agradat.<\/p>\n<p>&nbsp;<\/p>\n","protected":false},"excerpt":{"rendered":"<p>Reuni\u00f3 inici de curs CICLE INICIAL&hellip;  <a href=\"https:\/\/agora.xtec.cat\/esc-teresabergada\/blocs-de-primaria\/2n\/reunio-inici-de-curs\/\" title=\"Read Reuni\u00f3 inici de curs CICLE INICIAL\">Llegeix m\u00e9s\u00bb<\/a><\/p>\n","protected":false},"author":16,"featured_media":5061,"comment_status":"open","ping_status":"closed","sticky":false,"template":"","format":"standard","meta":{"_bbp_topic_count":0,"_bbp_reply_count":0,"_bbp_total_topic_count":0,"_bbp_total_reply_count":0,"_bbp_voice_count":0,"_bbp_anonymous_reply_count":0,"_bbp_topic_count_hidden":0,"_bbp_reply_count_hidden":0,"_bbp_forum_subforum_count":0,"footnotes":""},"categories":[153,238],"tags":[135,430,440],"class_list":["post-5058","post","type-post","status-publish","format-standard","has-post-thumbnail","hentry","category-2n","category-3r","tag-cicle-inicial","tag-inici-de-curs","tag-reunio"],"post_mailing_queue_ids":[],"_links":{"self":[{"href":"https:\/\/agora.xtec.cat\/esc-teresabergada\/wp-json\/wp\/v2\/posts\/5058","targetHints":{"allow":["GET"]}}],"collection":[{"href":"https:\/\/agora.xtec.cat\/esc-teresabergada\/wp-json\/wp\/v2\/posts"}],"about":[{"href":"https:\/\/agora.xtec.cat\/esc-teresabergada\/wp-json\/wp\/v2\/types\/post"}],"author":[{"embeddable":true,"href":"https:\/\/agora.xtec.cat\/esc-teresabergada\/wp-json\/wp\/v2\/users\/16"}],"replies":[{"embeddable":true,"href":"https:\/\/agora.xtec.cat\/esc-teresabergada\/wp-json\/wp\/v2\/comments?post=5058"}],"version-history":[{"count":2,"href":"https:\/\/agora.xtec.cat\/esc-teresabergada\/wp-json\/wp\/v2\/posts\/5058\/revisions"}],"predecessor-version":[{"id":5066,"href":"https:\/\/agora.xtec.cat\/esc-teresabergada\/wp-json\/wp\/v2\/posts\/5058\/revisions\/5066"}],"wp:featuredmedia":[{"embeddable":true,"href":"https:\/\/agora.xtec.cat\/esc-teresabergada\/wp-json\/wp\/v2\/media\/5061"}],"wp:attachment":[{"href":"https:\/\/agora.xtec.cat\/esc-teresabergada\/wp-json\/wp\/v2\/media?parent=5058"}],"wp:term":[{"taxonomy":"category","embeddable":true,"href":"https:\/\/agora.xtec.cat\/esc-teresabergada\/wp-json\/wp\/v2\/categories?post=5058"},{"taxonomy":"post_tag","embeddable":true,"href":"https:\/\/agora.xtec.cat\/esc-teresabergada\/wp-json\/wp\/v2\/tags?post=5058"}],"curies":[{"name":"wp","href":"https:\/\/api.w.org\/{rel}","templated":true}]}}