{"id":5021,"date":"2019-10-11T12:55:25","date_gmt":"2019-10-11T10:55:25","guid":{"rendered":"http:\/\/agora.xtec.cat\/esc-teresabergada\/?p=5021"},"modified":"2019-10-17T11:45:13","modified_gmt":"2019-10-17T09:45:13","slug":"tallers-dart","status":"publish","type":"post","link":"https:\/\/agora.xtec.cat\/esc-teresabergada\/general\/tallers-dart\/","title":{"rendered":"TALLERS D&#8217;ART"},"content":{"rendered":"<p style=\"text-align: justify;\">Hem comen\u00e7at\u00a0 a fer tallers d&#8217;art. Estem treballant el dissenyador Martin Azua.<\/p>\n<p style=\"text-align: justify;\">El divendres passat ens vam\u00a0 organitzar en grups i a nosaltres dos ens va tocar amb la senyoreta Marisa. Ten\u00edem una caixa, de les que ens va deixar l&#8217;Helena de la Panera, amb les creacions del Mart\u00edn.<\/p>\n<p>La senyoreta ens va deixar tocar els dissenys per percebre les diferents textures.<\/p>\n<p style=\"text-align: justify;\">La mestra ens va deixar uns antifa\u00e7os i vam fer una activitat que era molt divertida. Consistia en que ens pos\u00e9ssim un antifa\u00e7 i els companys i companyes ens donaven un disseny i hav\u00edem de dir si era natural o artificial.<\/p>\n<p>A mi em va agradar aquesta activitat perqu\u00e8 es treballava a trav\u00e9s dels sentits.<\/p>\n<p>Kaoutar i Judit.<\/p>\n<p><a href=\"https:\/\/agora.xtec.cat\/esc-teresabergada\/wp-content\/uploads\/usu1533\/2019\/10\/IMG_1759-1.jpg\"><img loading=\"lazy\" decoding=\"async\" class=\"alignnone size-medium wp-image-5023\" src=\"https:\/\/agora.xtec.cat\/esc-teresabergada\/wp-content\/uploads\/usu1533\/2019\/10\/IMG_1759-1-300x225.jpg\" alt=\"\" width=\"300\" height=\"225\" srcset=\"https:\/\/agora.xtec.cat\/esc-teresabergada\/wp-content\/uploads\/usu1533\/2019\/10\/IMG_1759-1-300x225.jpg 300w, https:\/\/agora.xtec.cat\/esc-teresabergada\/wp-content\/uploads\/usu1533\/2019\/10\/IMG_1759-1-768x576.jpg 768w, https:\/\/agora.xtec.cat\/esc-teresabergada\/wp-content\/uploads\/usu1533\/2019\/10\/IMG_1759-1-1024x768.jpg 1024w, https:\/\/agora.xtec.cat\/esc-teresabergada\/wp-content\/uploads\/usu1533\/2019\/10\/IMG_1759-1-200x150.jpg 200w\" sizes=\"auto, (max-width: 300px) 100vw, 300px\" \/><\/a><\/p>\n","protected":false},"excerpt":{"rendered":"<p>Hem comen\u00e7at\u00a0 a fer tallers d&#8217;art. Estem treballant el dissenyador Martin Azua.<br \/>\nEl divendres passat ens vam\u00a0 organitzar en grups i a nosaltres dos ens va tocar amb la senyoreta Marisa. Ten\u00edem una caixa, de les que ens va deixar l&#8217;Helena de la Panera, amb les&hellip;  <a href=\"https:\/\/agora.xtec.cat\/esc-teresabergada\/general\/tallers-dart\/\" title=\"Read TALLERS D&#8217;ART\">Llegeix m\u00e9s\u00bb<\/a><\/p>\n","protected":false},"author":1,"featured_media":5023,"comment_status":"open","ping_status":"closed","sticky":false,"template":"","format":"standard","meta":{"_bbp_topic_count":0,"_bbp_reply_count":0,"_bbp_total_topic_count":0,"_bbp_total_reply_count":0,"_bbp_voice_count":0,"_bbp_anonymous_reply_count":0,"_bbp_topic_count_hidden":0,"_bbp_reply_count_hidden":0,"_bbp_forum_subforum_count":0,"footnotes":""},"categories":[240,1],"tags":[117,414,436,437],"class_list":["post-5021","post","type-post","status-publish","format-standard","has-post-thumbnail","hentry","category-6e","category-general","tag-cicle-superior","tag-la-panera","tag-martin-azua","tag-tallers-dart"],"post_mailing_queue_ids":[],"_links":{"self":[{"href":"https:\/\/agora.xtec.cat\/esc-teresabergada\/wp-json\/wp\/v2\/posts\/5021","targetHints":{"allow":["GET"]}}],"collection":[{"href":"https:\/\/agora.xtec.cat\/esc-teresabergada\/wp-json\/wp\/v2\/posts"}],"about":[{"href":"https:\/\/agora.xtec.cat\/esc-teresabergada\/wp-json\/wp\/v2\/types\/post"}],"author":[{"embeddable":true,"href":"https:\/\/agora.xtec.cat\/esc-teresabergada\/wp-json\/wp\/v2\/users\/1"}],"replies":[{"embeddable":true,"href":"https:\/\/agora.xtec.cat\/esc-teresabergada\/wp-json\/wp\/v2\/comments?post=5021"}],"version-history":[{"count":3,"href":"https:\/\/agora.xtec.cat\/esc-teresabergada\/wp-json\/wp\/v2\/posts\/5021\/revisions"}],"predecessor-version":[{"id":5081,"href":"https:\/\/agora.xtec.cat\/esc-teresabergada\/wp-json\/wp\/v2\/posts\/5021\/revisions\/5081"}],"wp:featuredmedia":[{"embeddable":true,"href":"https:\/\/agora.xtec.cat\/esc-teresabergada\/wp-json\/wp\/v2\/media\/5023"}],"wp:attachment":[{"href":"https:\/\/agora.xtec.cat\/esc-teresabergada\/wp-json\/wp\/v2\/media?parent=5021"}],"wp:term":[{"taxonomy":"category","embeddable":true,"href":"https:\/\/agora.xtec.cat\/esc-teresabergada\/wp-json\/wp\/v2\/categories?post=5021"},{"taxonomy":"post_tag","embeddable":true,"href":"https:\/\/agora.xtec.cat\/esc-teresabergada\/wp-json\/wp\/v2\/tags?post=5021"}],"curies":[{"name":"wp","href":"https:\/\/api.w.org\/{rel}","templated":true}]}}