{"id":4974,"date":"2019-10-08T10:38:52","date_gmt":"2019-10-08T08:38:52","guid":{"rendered":"http:\/\/agora.xtec.cat\/esc-teresabergada\/?p=4974"},"modified":"2019-10-11T10:37:44","modified_gmt":"2019-10-11T08:37:44","slug":"benvinguts-i-benvingudes-a-5e","status":"publish","type":"post","link":"https:\/\/agora.xtec.cat\/esc-teresabergada\/blocs-de-primaria\/6e\/benvinguts-i-benvingudes-a-5e\/","title":{"rendered":"Benvinguts i benvingudes a 5\u00e8"},"content":{"rendered":"<p style=\"text-align: justify;\">Ahir a la tarda va tenir lloc la trobada amb les fam\u00edlies de l&#8217;alumnat de cinqu\u00e8.<\/p>\n<p style=\"text-align: justify;\">En aquest espai\/temps compartit entre fam\u00edlies i tutora del grup es va fer tramesa de la informaci\u00f3 m\u00e9s rellevant d&#8217;aquest curs.<\/p>\n<p>A continuaci\u00f3 podeu accedir a la presentaci\u00f3 que es va projectar durant la tarda fent clic a la imatge.<\/p>\n<p><a href=\"https:\/\/agora.xtec.cat\/esc-teresabergada\/wp-content\/uploads\/usu1533\/2019\/10\/Benvinguts-a-5\u00e8-2.pdf\" target=\"_blank\" rel=\"noopener noreferrer\"><img loading=\"lazy\" decoding=\"async\" class=\"alignnone wp-image-4976 size-large\" src=\"https:\/\/agora.xtec.cat\/esc-teresabergada\/wp-content\/uploads\/usu1533\/2019\/10\/fam\u00edlies-1024x708.png\" alt=\"\" width=\"1024\" height=\"708\" srcset=\"https:\/\/agora.xtec.cat\/esc-teresabergada\/wp-content\/uploads\/usu1533\/2019\/10\/fam\u00edlies-1024x708.png 1024w, https:\/\/agora.xtec.cat\/esc-teresabergada\/wp-content\/uploads\/usu1533\/2019\/10\/fam\u00edlies-300x207.png 300w, https:\/\/agora.xtec.cat\/esc-teresabergada\/wp-content\/uploads\/usu1533\/2019\/10\/fam\u00edlies-768x531.png 768w, https:\/\/agora.xtec.cat\/esc-teresabergada\/wp-content\/uploads\/usu1533\/2019\/10\/fam\u00edlies.png 1173w\" sizes=\"auto, (max-width: 1024px) 100vw, 1024px\" \/><\/a><\/p>\n<p>&nbsp;<\/p>\n","protected":false},"excerpt":{"rendered":"<p>Ahir a la tarda va tenir lloc la trobada amb les fam\u00edlies de l&#8217;alumnat de cinqu\u00e8.<br \/>\nEn aquest espai\/temps compartit entre fam\u00edlies i tutora del grup es va fer tramesa de la informaci\u00f3 m\u00e9s rellevant d&#8217;aquest curs.<br \/>\nA continuaci\u00f3 podeu accedir a la presentaci\u00f3 que es va&hellip;  <a href=\"https:\/\/agora.xtec.cat\/esc-teresabergada\/blocs-de-primaria\/6e\/benvinguts-i-benvingudes-a-5e\/\" title=\"Read Benvinguts i benvingudes a 5\u00e8\">Llegeix m\u00e9s\u00bb<\/a><\/p>\n","protected":false},"author":1,"featured_media":4976,"comment_status":"open","ping_status":"closed","sticky":false,"template":"","format":"standard","meta":{"_bbp_topic_count":0,"_bbp_reply_count":0,"_bbp_total_topic_count":0,"_bbp_total_reply_count":0,"_bbp_voice_count":0,"_bbp_anonymous_reply_count":0,"_bbp_topic_count_hidden":0,"_bbp_reply_count_hidden":0,"_bbp_forum_subforum_count":0,"footnotes":""},"categories":[240],"tags":[117,435,351],"class_list":["post-4974","post","type-post","status-publish","format-standard","has-post-thumbnail","hentry","category-6e","tag-cicle-superior","tag-dinamiques-daula","tag-reunio-inici-de-curs"],"post_mailing_queue_ids":[],"_links":{"self":[{"href":"https:\/\/agora.xtec.cat\/esc-teresabergada\/wp-json\/wp\/v2\/posts\/4974","targetHints":{"allow":["GET"]}}],"collection":[{"href":"https:\/\/agora.xtec.cat\/esc-teresabergada\/wp-json\/wp\/v2\/posts"}],"about":[{"href":"https:\/\/agora.xtec.cat\/esc-teresabergada\/wp-json\/wp\/v2\/types\/post"}],"author":[{"embeddable":true,"href":"https:\/\/agora.xtec.cat\/esc-teresabergada\/wp-json\/wp\/v2\/users\/1"}],"replies":[{"embeddable":true,"href":"https:\/\/agora.xtec.cat\/esc-teresabergada\/wp-json\/wp\/v2\/comments?post=4974"}],"version-history":[{"count":1,"href":"https:\/\/agora.xtec.cat\/esc-teresabergada\/wp-json\/wp\/v2\/posts\/4974\/revisions"}],"predecessor-version":[{"id":4977,"href":"https:\/\/agora.xtec.cat\/esc-teresabergada\/wp-json\/wp\/v2\/posts\/4974\/revisions\/4977"}],"wp:featuredmedia":[{"embeddable":true,"href":"https:\/\/agora.xtec.cat\/esc-teresabergada\/wp-json\/wp\/v2\/media\/4976"}],"wp:attachment":[{"href":"https:\/\/agora.xtec.cat\/esc-teresabergada\/wp-json\/wp\/v2\/media?parent=4974"}],"wp:term":[{"taxonomy":"category","embeddable":true,"href":"https:\/\/agora.xtec.cat\/esc-teresabergada\/wp-json\/wp\/v2\/categories?post=4974"},{"taxonomy":"post_tag","embeddable":true,"href":"https:\/\/agora.xtec.cat\/esc-teresabergada\/wp-json\/wp\/v2\/tags?post=4974"}],"curies":[{"name":"wp","href":"https:\/\/api.w.org\/{rel}","templated":true}]}}