{"id":4963,"date":"2019-10-08T00:10:25","date_gmt":"2019-10-07T22:10:25","guid":{"rendered":"http:\/\/agora.xtec.cat\/esc-teresabergada\/?p=4963"},"modified":"2019-10-08T10:18:51","modified_gmt":"2019-10-08T08:18:51","slug":"trobada-amb-les-families","status":"publish","type":"post","link":"https:\/\/agora.xtec.cat\/esc-teresabergada\/general\/trobada-amb-les-families\/","title":{"rendered":"TROBADA AMB LES FAM\u00cdLIES"},"content":{"rendered":"<p style=\"text-align: justify;\">Dilluns dia 7 a la tarda vam fer una trobada amb les fam\u00edlies de sis\u00e8. Aqu\u00ed us deixem una presentaci\u00f3 dels diferents objectius, propostes, novetats i acords que us vam compartir per tal de poder acompanyar m\u00e9s i millor els i les nostres alumnes durant aquest nou curs escolar.<\/p>\n<p><a href=\"https:\/\/agora.xtec.cat\/esc-teresabergada\/wp-content\/uploads\/usu1533\/2019\/10\/sis\u00e8-19-20.pptx.pdf\"><img loading=\"lazy\" decoding=\"async\" class=\"aligncenter wp-image-4967 size-large\" src=\"https:\/\/agora.xtec.cat\/esc-teresabergada\/wp-content\/uploads\/usu1533\/2019\/10\/IMG_4790-1024x768.jpg\" alt=\"\" width=\"1024\" height=\"768\" \/><\/a><\/p>\n","protected":false},"excerpt":{"rendered":"<p>Dilluns dia 7 a la tarda vam fer una trobada amb les fam\u00edlies de sis\u00e8. Aqu\u00ed us deixem una presentaci\u00f3 dels diferents objectius, propostes, novetats i acords que us vam compartir per tal de poder acompanyar m\u00e9s i millor els i les nostres alumnes durant&hellip;  <a href=\"https:\/\/agora.xtec.cat\/esc-teresabergada\/general\/trobada-amb-les-families\/\" title=\"Read TROBADA AMB LES FAM\u00cdLIES\">Llegeix m\u00e9s\u00bb<\/a><\/p>\n","protected":false},"author":32,"featured_media":0,"comment_status":"open","ping_status":"closed","sticky":false,"template":"","format":"standard","meta":{"_bbp_topic_count":0,"_bbp_reply_count":0,"_bbp_total_topic_count":0,"_bbp_total_reply_count":0,"_bbp_voice_count":0,"_bbp_anonymous_reply_count":0,"_bbp_topic_count_hidden":0,"_bbp_reply_count_hidden":0,"_bbp_forum_subforum_count":0,"footnotes":""},"categories":[1],"tags":[],"class_list":["post-4963","post","type-post","status-publish","format-standard","hentry","category-general"],"post_mailing_queue_ids":[],"_links":{"self":[{"href":"https:\/\/agora.xtec.cat\/esc-teresabergada\/wp-json\/wp\/v2\/posts\/4963","targetHints":{"allow":["GET"]}}],"collection":[{"href":"https:\/\/agora.xtec.cat\/esc-teresabergada\/wp-json\/wp\/v2\/posts"}],"about":[{"href":"https:\/\/agora.xtec.cat\/esc-teresabergada\/wp-json\/wp\/v2\/types\/post"}],"author":[{"embeddable":true,"href":"https:\/\/agora.xtec.cat\/esc-teresabergada\/wp-json\/wp\/v2\/users\/32"}],"replies":[{"embeddable":true,"href":"https:\/\/agora.xtec.cat\/esc-teresabergada\/wp-json\/wp\/v2\/comments?post=4963"}],"version-history":[{"count":3,"href":"https:\/\/agora.xtec.cat\/esc-teresabergada\/wp-json\/wp\/v2\/posts\/4963\/revisions"}],"predecessor-version":[{"id":4973,"href":"https:\/\/agora.xtec.cat\/esc-teresabergada\/wp-json\/wp\/v2\/posts\/4963\/revisions\/4973"}],"wp:attachment":[{"href":"https:\/\/agora.xtec.cat\/esc-teresabergada\/wp-json\/wp\/v2\/media?parent=4963"}],"wp:term":[{"taxonomy":"category","embeddable":true,"href":"https:\/\/agora.xtec.cat\/esc-teresabergada\/wp-json\/wp\/v2\/categories?post=4963"},{"taxonomy":"post_tag","embeddable":true,"href":"https:\/\/agora.xtec.cat\/esc-teresabergada\/wp-json\/wp\/v2\/tags?post=4963"}],"curies":[{"name":"wp","href":"https:\/\/api.w.org\/{rel}","templated":true}]}}