{"id":4952,"date":"2019-10-04T09:34:11","date_gmt":"2019-10-04T07:34:11","guid":{"rendered":"http:\/\/agora.xtec.cat\/esc-teresabergada\/?p=4952"},"modified":"2019-10-14T14:32:54","modified_gmt":"2019-10-14T12:32:54","slug":"el-ball-nacional-catala","status":"publish","type":"post","link":"https:\/\/agora.xtec.cat\/esc-teresabergada\/general\/el-ball-nacional-catala\/","title":{"rendered":"EL BALL NACIONAL CATAL\u00c0"},"content":{"rendered":"<p style=\"text-align: justify;\">El dia 30 de setembre va venir a l&#8217;hora d&#8217;educaci\u00f3 f\u00edsica la Judit. Ella ens ha ensenyat el ball de la sardana, ja que a finals de mes celebrarem la festa de la castanyada a l&#8217;escola, on cada curs representem un ball tradicional. Els alumnes de 6\u00e8 al finalitzar l&#8217;actuaci\u00f3, repartirem castanyes a tots els nens i nenes.<\/p>\n<p style=\"text-align: justify;\">La sardana \u00e9s una dansa popular catalana, \u00e9s el ball nacional de Catalunya. \u00c9s una dansa col.lectiva que ballen homes i dones agafats de les mans, formant una rotllana i puntejant amb els peus al ritme d&#8217;una cobla. Tamb\u00e9 la Judit ens ha proposat fer l&#8217;entrada amb un galop.<\/p>\n<p style=\"text-align: justify;\">La sardana t\u00e9 diverses parts, anomenades tirades, \u00e9s a dir; els passos curts i llargs.<\/p>\n<p><a href=\"https:\/\/agora.xtec.cat\/esc-teresabergada\/wp-content\/uploads\/usu1533\/2019\/10\/PHOTO-2019-10-14-14-00-06.jpg\"><img loading=\"lazy\" decoding=\"async\" class=\"alignnone size-medium wp-image-5067\" src=\"https:\/\/agora.xtec.cat\/esc-teresabergada\/wp-content\/uploads\/usu1533\/2019\/10\/PHOTO-2019-10-14-14-00-06-300x225.jpg\" alt=\"\" width=\"300\" height=\"225\" \/><\/a><\/p>\n<p style=\"text-align: justify;\">Pol i Gerber.<\/p>\n","protected":false},"excerpt":{"rendered":"<p>El dia 30 de setembre va venir a l&#8217;hora d&#8217;educaci\u00f3 f\u00edsica la Judit. Ella ens ha ensenyat el ball de la sardana, ja que a finals de mes celebrarem la festa de la castanyada a l&#8217;escola, on cada curs representem un ball tradicional. Els alumnes&hellip;  <a href=\"https:\/\/agora.xtec.cat\/esc-teresabergada\/general\/el-ball-nacional-catala\/\" title=\"Read EL BALL NACIONAL CATAL\u00c0\">Llegeix m\u00e9s\u00bb<\/a><\/p>\n","protected":false},"author":1,"featured_media":0,"comment_status":"open","ping_status":"closed","sticky":false,"template":"","format":"standard","meta":{"_bbp_topic_count":0,"_bbp_reply_count":0,"_bbp_total_topic_count":0,"_bbp_total_reply_count":0,"_bbp_voice_count":0,"_bbp_anonymous_reply_count":0,"_bbp_topic_count_hidden":0,"_bbp_reply_count_hidden":0,"_bbp_forum_subforum_count":0,"footnotes":""},"categories":[1],"tags":[434,213,58,433],"class_list":["post-4952","post","type-post","status-publish","format-standard","hentry","category-general","tag-6e","tag-ball","tag-castanyada","tag-sardana"],"post_mailing_queue_ids":[],"_links":{"self":[{"href":"https:\/\/agora.xtec.cat\/esc-teresabergada\/wp-json\/wp\/v2\/posts\/4952","targetHints":{"allow":["GET"]}}],"collection":[{"href":"https:\/\/agora.xtec.cat\/esc-teresabergada\/wp-json\/wp\/v2\/posts"}],"about":[{"href":"https:\/\/agora.xtec.cat\/esc-teresabergada\/wp-json\/wp\/v2\/types\/post"}],"author":[{"embeddable":true,"href":"https:\/\/agora.xtec.cat\/esc-teresabergada\/wp-json\/wp\/v2\/users\/1"}],"replies":[{"embeddable":true,"href":"https:\/\/agora.xtec.cat\/esc-teresabergada\/wp-json\/wp\/v2\/comments?post=4952"}],"version-history":[{"count":3,"href":"https:\/\/agora.xtec.cat\/esc-teresabergada\/wp-json\/wp\/v2\/posts\/4952\/revisions"}],"predecessor-version":[{"id":5068,"href":"https:\/\/agora.xtec.cat\/esc-teresabergada\/wp-json\/wp\/v2\/posts\/4952\/revisions\/5068"}],"wp:attachment":[{"href":"https:\/\/agora.xtec.cat\/esc-teresabergada\/wp-json\/wp\/v2\/media?parent=4952"}],"wp:term":[{"taxonomy":"category","embeddable":true,"href":"https:\/\/agora.xtec.cat\/esc-teresabergada\/wp-json\/wp\/v2\/categories?post=4952"},{"taxonomy":"post_tag","embeddable":true,"href":"https:\/\/agora.xtec.cat\/esc-teresabergada\/wp-json\/wp\/v2\/tags?post=4952"}],"curies":[{"name":"wp","href":"https:\/\/api.w.org\/{rel}","templated":true}]}}