{"id":4924,"date":"2019-09-29T17:12:39","date_gmt":"2019-09-29T15:12:39","guid":{"rendered":"http:\/\/agora.xtec.cat\/esc-teresabergada\/?p=4924"},"modified":"2019-09-30T23:18:57","modified_gmt":"2019-09-30T21:18:57","slug":"comencem-el-primer-projecte","status":"publish","type":"post","link":"https:\/\/agora.xtec.cat\/esc-teresabergada\/general\/comencem-el-primer-projecte\/","title":{"rendered":"COMENCEM EL PRIMER PROJECTE!!!"},"content":{"rendered":"<p><img loading=\"lazy\" decoding=\"async\" class=\"size-medium wp-image-4925 aligncenter\" src=\"https:\/\/agora.xtec.cat\/esc-teresabergada\/wp-content\/uploads\/usu1533\/2019\/09\/IMG_4754-300x225.jpg\" alt=\"\" width=\"300\" height=\"225\" srcset=\"https:\/\/agora.xtec.cat\/esc-teresabergada\/wp-content\/uploads\/usu1533\/2019\/09\/IMG_4754-300x225.jpg 300w, https:\/\/agora.xtec.cat\/esc-teresabergada\/wp-content\/uploads\/usu1533\/2019\/09\/IMG_4754-768x576.jpg 768w, https:\/\/agora.xtec.cat\/esc-teresabergada\/wp-content\/uploads\/usu1533\/2019\/09\/IMG_4754-1024x768.jpg 1024w, https:\/\/agora.xtec.cat\/esc-teresabergada\/wp-content\/uploads\/usu1533\/2019\/09\/IMG_4754-200x150.jpg 200w\" sizes=\"auto, (max-width: 300px) 100vw, 300px\" \/><\/p>\n<p style=\"text-align: justify\">El dilluns dia 23 vam comen\u00e7ar el nostre primer projecte de medi: <em>El cos hum\u00e0. <\/em>La mestra ens va fer com un enigma perqu\u00e8 endevinessim el nom del projecte. Vam seure en grups de quatre i cadasc\u00fa de manera individual havia d&#8217;escriure en un full la resposta que pensava que era. Despr\u00e9s vam anar compartint les respostes i el perqu\u00e8 ho pens\u00e0vem. Finalment cada taula va exposar les seves respostes i raonaments. Nom\u00e9s una persona ho va encertar&#8230;la Maria!<\/p>\n<p style=\"text-align: justify\">A partir d&#8217;ara comen\u00e7arem una gran aventura per saber i descobrir coses sobre el funcionament del cos hum\u00e0.<\/p>\n<p>\u00c8nia Gonz\u00e1lez Cabal<\/p>\n","protected":false},"excerpt":{"rendered":"<p>El dilluns dia 23 vam comen\u00e7ar el nostre primer projecte de medi: El cos hum\u00e0. La mestra ens va fer com un enigma perqu\u00e8 endevinessim el nom del projecte. Vam seure en grups de quatre i cadasc\u00fa de manera individual havia d&#8217;escriure en un full&hellip;  <a href=\"https:\/\/agora.xtec.cat\/esc-teresabergada\/general\/comencem-el-primer-projecte\/\" title=\"Read COMENCEM EL PRIMER PROJECTE!!!\">Llegeix m\u00e9s\u00bb<\/a><\/p>\n","protected":false},"author":32,"featured_media":4925,"comment_status":"open","ping_status":"closed","sticky":false,"template":"","format":"standard","meta":{"_bbp_topic_count":0,"_bbp_reply_count":0,"_bbp_total_topic_count":0,"_bbp_total_reply_count":0,"_bbp_voice_count":0,"_bbp_anonymous_reply_count":0,"_bbp_topic_count_hidden":0,"_bbp_reply_count_hidden":0,"_bbp_forum_subforum_count":0,"footnotes":""},"categories":[1],"tags":[],"class_list":["post-4924","post","type-post","status-publish","format-standard","has-post-thumbnail","hentry","category-general"],"post_mailing_queue_ids":[],"_links":{"self":[{"href":"https:\/\/agora.xtec.cat\/esc-teresabergada\/wp-json\/wp\/v2\/posts\/4924","targetHints":{"allow":["GET"]}}],"collection":[{"href":"https:\/\/agora.xtec.cat\/esc-teresabergada\/wp-json\/wp\/v2\/posts"}],"about":[{"href":"https:\/\/agora.xtec.cat\/esc-teresabergada\/wp-json\/wp\/v2\/types\/post"}],"author":[{"embeddable":true,"href":"https:\/\/agora.xtec.cat\/esc-teresabergada\/wp-json\/wp\/v2\/users\/32"}],"replies":[{"embeddable":true,"href":"https:\/\/agora.xtec.cat\/esc-teresabergada\/wp-json\/wp\/v2\/comments?post=4924"}],"version-history":[{"count":3,"href":"https:\/\/agora.xtec.cat\/esc-teresabergada\/wp-json\/wp\/v2\/posts\/4924\/revisions"}],"predecessor-version":[{"id":4940,"href":"https:\/\/agora.xtec.cat\/esc-teresabergada\/wp-json\/wp\/v2\/posts\/4924\/revisions\/4940"}],"wp:featuredmedia":[{"embeddable":true,"href":"https:\/\/agora.xtec.cat\/esc-teresabergada\/wp-json\/wp\/v2\/media\/4925"}],"wp:attachment":[{"href":"https:\/\/agora.xtec.cat\/esc-teresabergada\/wp-json\/wp\/v2\/media?parent=4924"}],"wp:term":[{"taxonomy":"category","embeddable":true,"href":"https:\/\/agora.xtec.cat\/esc-teresabergada\/wp-json\/wp\/v2\/categories?post=4924"},{"taxonomy":"post_tag","embeddable":true,"href":"https:\/\/agora.xtec.cat\/esc-teresabergada\/wp-json\/wp\/v2\/tags?post=4924"}],"curies":[{"name":"wp","href":"https:\/\/api.w.org\/{rel}","templated":true}]}}