{"id":4874,"date":"2019-09-27T18:41:27","date_gmt":"2019-09-27T16:41:27","guid":{"rendered":"http:\/\/agora.xtec.cat\/esc-teresabergada\/?p=4874"},"modified":"2019-10-11T12:56:06","modified_gmt":"2019-10-11T10:56:06","slug":"iniciem-un-nou-curs","status":"publish","type":"post","link":"https:\/\/agora.xtec.cat\/esc-teresabergada\/blocs-de-primaria\/6e\/iniciem-un-nou-curs\/","title":{"rendered":"Iniciem un nou curs"},"content":{"rendered":"<p style=\"text-align: justify;\">El dia dotze de setembre, a les 9 del mat\u00ed, vam iniciar les classes i un nou curs escolar molt emocionant.<\/p>\n<p style=\"text-align: justify;\">Els nens i nenes de cinqu\u00e8 est\u00e0vem molt contents perqu\u00e8 comen\u00e7\u00e0vem un nou cicle, el cicle superior. Aix\u00f2 significa que som els segons m\u00e9s grans de l&#8217;escola Teresa Bergad\u00e0 i sabrem fer m\u00e9s coses. Esperem aprendre moltes coses i passar bones estones.<\/p>\n<p style=\"text-align: justify;\">Per mi ha sigut emocionant tornar a l&#8217;escola perqu\u00e8 ara vaig a les classes dels grans.<\/p>\n<p>Bon curs a tothom!<\/p>\n<p><a href=\"https:\/\/agora.xtec.cat\/esc-teresabergada\/wp-content\/uploads\/usu1533\/2019\/09\/Captura-de-Pantalla-2019-09-25-a-les-7.49.45.png\"><img loading=\"lazy\" decoding=\"async\" class=\"aligncenter wp-image-4873 size-full\" src=\"https:\/\/agora.xtec.cat\/esc-teresabergada\/wp-content\/uploads\/usu1533\/2019\/09\/Captura-de-Pantalla-2019-09-25-a-les-7.49.45.png\" alt=\"\" width=\"937\" height=\"735\" \/><\/a><\/p>\n<p style=\"text-align: right;\">D\u00eddac Colomina i Ares Moix<\/p>\n","protected":false},"excerpt":{"rendered":"<p>El dia dotze de setembre, a les 9 del mat\u00ed, vam iniciar les classes i un nou curs escolar molt emocionant.<br \/>\nEls nens i nenes de cinqu\u00e8 est\u00e0vem molt contents perqu\u00e8 comen\u00e7\u00e0vem un nou cicle, el cicle superior. Aix\u00f2 significa que som els segons m\u00e9s grans&hellip;  <a href=\"https:\/\/agora.xtec.cat\/esc-teresabergada\/blocs-de-primaria\/6e\/iniciem-un-nou-curs\/\" title=\"Read Iniciem un nou curs\">Llegeix m\u00e9s\u00bb<\/a><\/p>\n","protected":false},"author":1,"featured_media":0,"comment_status":"open","ping_status":"closed","sticky":false,"template":"","format":"standard","meta":{"_bbp_topic_count":0,"_bbp_reply_count":0,"_bbp_total_topic_count":0,"_bbp_total_reply_count":0,"_bbp_voice_count":0,"_bbp_anonymous_reply_count":0,"_bbp_topic_count_hidden":0,"_bbp_reply_count_hidden":0,"_bbp_forum_subforum_count":0,"footnotes":""},"categories":[240],"tags":[117,430],"class_list":["post-4874","post","type-post","status-publish","format-standard","hentry","category-6e","tag-cicle-superior","tag-inici-de-curs"],"post_mailing_queue_ids":[],"_links":{"self":[{"href":"https:\/\/agora.xtec.cat\/esc-teresabergada\/wp-json\/wp\/v2\/posts\/4874","targetHints":{"allow":["GET"]}}],"collection":[{"href":"https:\/\/agora.xtec.cat\/esc-teresabergada\/wp-json\/wp\/v2\/posts"}],"about":[{"href":"https:\/\/agora.xtec.cat\/esc-teresabergada\/wp-json\/wp\/v2\/types\/post"}],"author":[{"embeddable":true,"href":"https:\/\/agora.xtec.cat\/esc-teresabergada\/wp-json\/wp\/v2\/users\/1"}],"replies":[{"embeddable":true,"href":"https:\/\/agora.xtec.cat\/esc-teresabergada\/wp-json\/wp\/v2\/comments?post=4874"}],"version-history":[{"count":3,"href":"https:\/\/agora.xtec.cat\/esc-teresabergada\/wp-json\/wp\/v2\/posts\/4874\/revisions"}],"predecessor-version":[{"id":4944,"href":"https:\/\/agora.xtec.cat\/esc-teresabergada\/wp-json\/wp\/v2\/posts\/4874\/revisions\/4944"}],"wp:attachment":[{"href":"https:\/\/agora.xtec.cat\/esc-teresabergada\/wp-json\/wp\/v2\/media?parent=4874"}],"wp:term":[{"taxonomy":"category","embeddable":true,"href":"https:\/\/agora.xtec.cat\/esc-teresabergada\/wp-json\/wp\/v2\/categories?post=4874"},{"taxonomy":"post_tag","embeddable":true,"href":"https:\/\/agora.xtec.cat\/esc-teresabergada\/wp-json\/wp\/v2\/tags?post=4874"}],"curies":[{"name":"wp","href":"https:\/\/api.w.org\/{rel}","templated":true}]}}