{"id":4870,"date":"2019-09-22T23:31:47","date_gmt":"2019-09-22T21:31:47","guid":{"rendered":"http:\/\/agora.xtec.cat\/esc-teresabergada\/?p=4870"},"modified":"2019-09-26T19:58:49","modified_gmt":"2019-09-26T17:58:49","slug":"primers-dies-de-p3-curs-2019-2020","status":"publish","type":"post","link":"https:\/\/agora.xtec.cat\/esc-teresabergada\/general\/primers-dies-de-p3-curs-2019-2020\/","title":{"rendered":"Primers dies de P3. Curs 2019-2020"},"content":{"rendered":"<p>Despr\u00e9s de l\u00b4entrada esgraonada,\u00a0 acabem la primera setmana complerta a l\u00b4escola.<\/p>\n<p>Com b\u00e9 sabeu, estem en per\u00edode d\u00b4adaptaci\u00f3 i familiaritzaci\u00f3 i la seva durada \u00e9s variable segons ho visqui cada infant.<\/p>\n<p>Des de l\u00b4escola hem intentat que els infants visquin aquest proc\u00e9s de la manera m\u00e9s positiva possible,\u00a0 respectant al m\u00e0xim les seves necessitats\u00a0 i de les fam\u00edlies perqu\u00e8 es puguin vincular amb el grup i amb l\u00b4adult de refer\u00e8ncia.<\/p>\n<p>Hem creat espais per acollir i retrobar el grup, per compartir, jugar\u2026\u00a0 doncs\u2026<\/p>\n<p><em>\u201cLes persones que comparteixen i expressen els seus sentiments s\u00b4adapten millor als canvis\u201d <\/em><\/p>\n<p>Lu\u00eds Rojas Marcos (2013)<\/p>\n<p>Som subjectes que formem part d\u00b4una comunitat que produeix sentits, subjectes que ens configurem per les relacions que establim en aquest context compartit.<\/p>\n<p>Dia a dia compartirm all\u00f2 que som, all\u00f2 que ens agrada, el que ens interessa, all\u00f2 que dibuixa el nostre imaginari, el que sabem i el que no.<\/p>\n<p>Compartim el desig i l\u00b4alegria de viure i aprendre. Totes aquestes viv\u00e8ncies configuren una hist\u00f2ria comuna que \u00e9s pr\u00f2pia de cadasc\u00fa i alhora compartida per tots els que en formem part. \u00c9s la nostra hist\u00f2ria com a petita comunitat!<\/p>\n<p>Si cliqueu damunt de la foto veureu un petit recull d\u00b4imatges que il.lustren moments d\u00b4aquests primers dies.<\/p>\n<p>&nbsp;<\/p>\n<p><a href=\"https:\/\/photos.app.goo.gl\/T1NqDL6YLYEgSxXY9\"><img loading=\"lazy\" decoding=\"async\" class=\"alignnone size-large wp-image-4871\" src=\"https:\/\/agora.xtec.cat\/esc-teresabergada\/wp-content\/uploads\/usu1533\/2019\/09\/20190912_084505-1024x768.jpg\" alt=\"\" width=\"1024\" height=\"768\" srcset=\"https:\/\/agora.xtec.cat\/esc-teresabergada\/wp-content\/uploads\/usu1533\/2019\/09\/20190912_084505-1024x768.jpg 1024w, https:\/\/agora.xtec.cat\/esc-teresabergada\/wp-content\/uploads\/usu1533\/2019\/09\/20190912_084505-300x225.jpg 300w, https:\/\/agora.xtec.cat\/esc-teresabergada\/wp-content\/uploads\/usu1533\/2019\/09\/20190912_084505-768x576.jpg 768w, https:\/\/agora.xtec.cat\/esc-teresabergada\/wp-content\/uploads\/usu1533\/2019\/09\/20190912_084505-200x150.jpg 200w\" sizes=\"auto, (max-width: 1024px) 100vw, 1024px\" \/><\/a><\/p>\n","protected":false},"excerpt":{"rendered":"<p>Despr\u00e9s de l\u00b4entrada esgraonada,\u00a0 acabem la primera setmana complerta a l\u00b4escola.<br \/>\nCom b\u00e9 sabeu, estem en per\u00edode d\u00b4adaptaci\u00f3 i familiaritzaci\u00f3 i la seva durada \u00e9s variable segons ho visqui cada infant.<br \/>\nDes de l\u00b4escola hem intentat que els infants visquin aquest proc\u00e9s de la manera m\u00e9s positiva&hellip;  <a href=\"https:\/\/agora.xtec.cat\/esc-teresabergada\/general\/primers-dies-de-p3-curs-2019-2020\/\" title=\"Read Primers dies de P3. Curs 2019-2020\">Llegeix m\u00e9s\u00bb<\/a><\/p>\n","protected":false},"author":1,"featured_media":4871,"comment_status":"open","ping_status":"closed","sticky":false,"template":"","format":"standard","meta":{"_bbp_topic_count":0,"_bbp_reply_count":0,"_bbp_total_topic_count":0,"_bbp_total_reply_count":0,"_bbp_voice_count":0,"_bbp_anonymous_reply_count":0,"_bbp_topic_count_hidden":0,"_bbp_reply_count_hidden":0,"_bbp_forum_subforum_count":0,"footnotes":""},"categories":[1,236],"tags":[121],"class_list":["post-4870","post","type-post","status-publish","format-standard","has-post-thumbnail","hentry","category-general","category-i4","tag-educacio-infantil"],"post_mailing_queue_ids":[],"_links":{"self":[{"href":"https:\/\/agora.xtec.cat\/esc-teresabergada\/wp-json\/wp\/v2\/posts\/4870","targetHints":{"allow":["GET"]}}],"collection":[{"href":"https:\/\/agora.xtec.cat\/esc-teresabergada\/wp-json\/wp\/v2\/posts"}],"about":[{"href":"https:\/\/agora.xtec.cat\/esc-teresabergada\/wp-json\/wp\/v2\/types\/post"}],"author":[{"embeddable":true,"href":"https:\/\/agora.xtec.cat\/esc-teresabergada\/wp-json\/wp\/v2\/users\/1"}],"replies":[{"embeddable":true,"href":"https:\/\/agora.xtec.cat\/esc-teresabergada\/wp-json\/wp\/v2\/comments?post=4870"}],"version-history":[{"count":2,"href":"https:\/\/agora.xtec.cat\/esc-teresabergada\/wp-json\/wp\/v2\/posts\/4870\/revisions"}],"predecessor-version":[{"id":4877,"href":"https:\/\/agora.xtec.cat\/esc-teresabergada\/wp-json\/wp\/v2\/posts\/4870\/revisions\/4877"}],"wp:featuredmedia":[{"embeddable":true,"href":"https:\/\/agora.xtec.cat\/esc-teresabergada\/wp-json\/wp\/v2\/media\/4871"}],"wp:attachment":[{"href":"https:\/\/agora.xtec.cat\/esc-teresabergada\/wp-json\/wp\/v2\/media?parent=4870"}],"wp:term":[{"taxonomy":"category","embeddable":true,"href":"https:\/\/agora.xtec.cat\/esc-teresabergada\/wp-json\/wp\/v2\/categories?post=4870"},{"taxonomy":"post_tag","embeddable":true,"href":"https:\/\/agora.xtec.cat\/esc-teresabergada\/wp-json\/wp\/v2\/tags?post=4870"}],"curies":[{"name":"wp","href":"https:\/\/api.w.org\/{rel}","templated":true}]}}