{"id":4866,"date":"2019-09-20T07:28:22","date_gmt":"2019-09-20T05:28:22","guid":{"rendered":"http:\/\/agora.xtec.cat\/esc-teresabergada\/?p=4866"},"modified":"2019-09-20T07:29:28","modified_gmt":"2019-09-20T05:29:28","slug":"lescola-com-a-pont-entre-lart-i-la-infancia","status":"publish","type":"post","link":"https:\/\/agora.xtec.cat\/esc-teresabergada\/portada\/lescola-com-a-pont-entre-lart-i-la-infancia\/","title":{"rendered":"L&#8217;escola com a pont entre l&#8217;art i la inf\u00e0ncia"},"content":{"rendered":"<p style=\"text-align: justify;\"><span style=\"font-weight: 400;\">L\u00b4entrada de l\u00b4art contemporani a l\u00b4escola esdev\u00e9 una manera d\u00b4obrir la mirada dels infants i fer-la m\u00e9s \u00e0mplia i flexible,\u00a0 deixant fluir la seva creativitat. Ja que els alumnes entren al proc\u00e9s creatiu sense la pressi\u00f3 de fer-ho \u201cb\u00e9\u201d; no es compara la seva producci\u00f3 amb la de cap model establert, no hi ha judicis i per tant ajuda a falcar el treball creatiu dels alumnes.\u00a0<\/span><\/p>\n<p style=\"text-align: justify;\"><span style=\"font-weight: 400;\">A la nostra escola s\u00b4han activat tres capses d\u00b4autor del Projecte d\u00b4art contemporani\u00a0 \u201cEncaixa\u00b4t\u201d de la Panera.<\/span><\/p>\n<p style=\"text-align: justify;\"><span style=\"font-weight: 400;\">El programa ENCAIXA\u2019T \u00e9s un projecte de creaci\u00f3 contempor\u00e0nia, on formaci\u00f3 i artistes es combinen per crear una producci\u00f3.<\/span><\/p>\n<p style=\"text-align: justify;\"><span style=\"font-weight: 400;\">L\u2019activaci\u00f3 de la pe\u00e7a consta de tres moments: la descoberta dels objectes i de l\u2019artista, la seva experimentaci\u00f3 a trav\u00e9s del joc i finalment la producci\u00f3.<\/span><\/p>\n<p style=\"text-align: justify;\"><span style=\"font-weight: 400;\">Aquesta darrera \u00e9s diferent en cada ocasi\u00f3 dep\u00e8n dels infants i del proc\u00e9s creatiu i narratiu d\u2019aquests. La flexibilitat i obertura del projecte i fa que les produccions siguin diverses i convisqui la individualitat i la col\u00b7lectivitat alhora.<\/span><\/p>\n<p style=\"text-align: justify;\"><span style=\"font-weight: 400;\">El curs passat es van activar tres capses d\u00b4autor a Educaci\u00f3 Infantil i Cicle Superior:<\/span><\/p>\n<p style=\"text-align: justify;\"><span style=\"font-weight: 400;\">Natural \/Artificial\u00a0<\/span><\/p>\n<p style=\"text-align: justify;\"><span style=\"font-weight: 400;\">Som sons<\/span><\/p>\n<p style=\"text-align: justify;\"><span style=\"font-weight: 400;\">De(construcci\u00f3n Geom\u00e9trica)<\/span><span style=\"font-weight: 400;\">\u00a0<\/span><\/p>\n<p style=\"text-align: justify;\"><span style=\"font-weight: 400;\">Les produccions art\u00edstiques que v\u00e0rem elaborar a partir d\u00b4aquestes capses estan exposades des d\u00b4avui al Centre d\u00b4Art la Panera. Per tant, convidem a totes les fam\u00edlies a fer-hi una excursi\u00f3 i veure les obres d\u00b4art dels seus fills i filles ! Estan fets tots uns artistes !<\/span><\/p>\n<p style=\"text-align: justify;\"><span style=\"font-weight: 400;\">La sin\u00e8rgia amb el centre d\u00b4art de la Panera i el mestratge de l\u00b4Helena Ayusso ens permeten cr\u00e9ixer com a persones i com professionals i poder ajudar a les \u201c personetes\u201d que tenim a l\u00b4escola a tenir experi\u00e8ncies art\u00edstiques riques i de qualitat.<\/span><\/p>\n<p style=\"text-align: justify;\"><span style=\"font-weight: 400;\">Des d\u00b4aqu\u00ed volem agrair a la Panera que ens deixi formar part d\u00b4aquest PROJECTE !<\/span><\/p>\n<p><iframe loading=\"lazy\" title=\"Centre d&#039;Art la Panera 2019\" width=\"500\" height=\"281\" src=\"https:\/\/www.youtube.com\/embed\/9J0F5MYngAA?feature=oembed\" frameborder=\"0\" allow=\"accelerometer; autoplay; clipboard-write; encrypted-media; gyroscope; picture-in-picture; web-share\" referrerpolicy=\"strict-origin-when-cross-origin\" allowfullscreen><\/iframe><\/p>\n","protected":false},"excerpt":{"rendered":"<p>L\u00b4entrada de l\u00b4art contemporani a l\u00b4escola esdev\u00e9 una manera d\u00b4obrir la mirada dels infants i fer-la m\u00e9s \u00e0mplia i flexible,\u00a0 deixant fluir la seva creativitat. Ja que els alumnes entren al proc\u00e9s creatiu sense la pressi\u00f3 de fer-ho \u201cb\u00e9\u201d; no es compara la seva producci\u00f3&hellip;  <a href=\"https:\/\/agora.xtec.cat\/esc-teresabergada\/portada\/lescola-com-a-pont-entre-lart-i-la-infancia\/\" title=\"Read L&#8217;escola com a pont entre l&#8217;art i la inf\u00e0ncia\">Llegeix m\u00e9s\u00bb<\/a><\/p>\n","protected":false},"author":1,"featured_media":4867,"comment_status":"open","ping_status":"closed","sticky":false,"template":"","format":"standard","meta":{"_bbp_topic_count":0,"_bbp_reply_count":0,"_bbp_total_topic_count":0,"_bbp_total_reply_count":0,"_bbp_voice_count":0,"_bbp_anonymous_reply_count":0,"_bbp_topic_count_hidden":0,"_bbp_reply_count_hidden":0,"_bbp_forum_subforum_count":0,"footnotes":""},"categories":[4],"tags":[244,414],"class_list":["post-4866","post","type-post","status-publish","format-standard","has-post-thumbnail","hentry","category-portada","tag-art","tag-la-panera"],"post_mailing_queue_ids":[],"_links":{"self":[{"href":"https:\/\/agora.xtec.cat\/esc-teresabergada\/wp-json\/wp\/v2\/posts\/4866","targetHints":{"allow":["GET"]}}],"collection":[{"href":"https:\/\/agora.xtec.cat\/esc-teresabergada\/wp-json\/wp\/v2\/posts"}],"about":[{"href":"https:\/\/agora.xtec.cat\/esc-teresabergada\/wp-json\/wp\/v2\/types\/post"}],"author":[{"embeddable":true,"href":"https:\/\/agora.xtec.cat\/esc-teresabergada\/wp-json\/wp\/v2\/users\/1"}],"replies":[{"embeddable":true,"href":"https:\/\/agora.xtec.cat\/esc-teresabergada\/wp-json\/wp\/v2\/comments?post=4866"}],"version-history":[{"count":2,"href":"https:\/\/agora.xtec.cat\/esc-teresabergada\/wp-json\/wp\/v2\/posts\/4866\/revisions"}],"predecessor-version":[{"id":4869,"href":"https:\/\/agora.xtec.cat\/esc-teresabergada\/wp-json\/wp\/v2\/posts\/4866\/revisions\/4869"}],"wp:featuredmedia":[{"embeddable":true,"href":"https:\/\/agora.xtec.cat\/esc-teresabergada\/wp-json\/wp\/v2\/media\/4867"}],"wp:attachment":[{"href":"https:\/\/agora.xtec.cat\/esc-teresabergada\/wp-json\/wp\/v2\/media?parent=4866"}],"wp:term":[{"taxonomy":"category","embeddable":true,"href":"https:\/\/agora.xtec.cat\/esc-teresabergada\/wp-json\/wp\/v2\/categories?post=4866"},{"taxonomy":"post_tag","embeddable":true,"href":"https:\/\/agora.xtec.cat\/esc-teresabergada\/wp-json\/wp\/v2\/tags?post=4866"}],"curies":[{"name":"wp","href":"https:\/\/api.w.org\/{rel}","templated":true}]}}