{"id":4829,"date":"2019-08-12T15:32:26","date_gmt":"2019-08-12T13:32:26","guid":{"rendered":"http:\/\/agora.xtec.cat\/esc-teresabergada\/?p=4829"},"modified":"2019-08-12T19:20:45","modified_gmt":"2019-08-12T17:20:45","slug":"la-capsa-de-la-vida-creixem-per-dins-i-per-fora","status":"publish","type":"post","link":"https:\/\/agora.xtec.cat\/esc-teresabergada\/infantil\/i4\/la-capsa-de-la-vida-creixem-per-dins-i-per-fora\/","title":{"rendered":"LA CAPSA DE LA VIDA. CREIXEM PER DINS I PER FORA."},"content":{"rendered":"<p>Els nens i les nenes de P3A han teballat en el projecte &#8220;<em>Creixem per dins i per fora<\/em>&#8220;, a partir de la presentaci\u00f3 de les capses de la vida. Juntament amb les fam\u00edlies ens han ofert una mostra de les coses importants i significatives de les seves vides. El producte final del seu treball ha estat l&#8217;exposici\u00f3 de com es treballa el projecte a la classe.<\/p>\n<p>Ha estat molt emotiu i engrescador, tot plegat. Aprendre mentre t&#8217;ho passes b\u00e9 i et relaciones amb els teus companys ha estat un regal.<\/p>\n<p><a href=\"https:\/\/agora.xtec.cat\/esc-teresabergada\/wp-content\/uploads\/usu1533\/2019\/07\/Capsa-de-la-vida.jpg\"><img loading=\"lazy\" decoding=\"async\" class=\"alignnone wp-image-4830\" src=\"https:\/\/agora.xtec.cat\/esc-teresabergada\/wp-content\/uploads\/usu1533\/2019\/07\/Capsa-de-la-vida.jpg\" alt=\"\" width=\"459\" height=\"367\" \/><\/a><\/p>\n<p>Si voleu veure el video de l&#8217;exposici\u00f3, cliqueu <a href=\"http:\/\/www.kizoa.es\/Editar-V\u00eddeos-Movie-Maker\/d276886079k5233022o2l1\/expo-final\"><em>aqu\u00ed<\/em>.<\/a><\/p>\n<p>Si us interessa veure alguna fotografia de l&#8217;exposici\u00f3, cliqueu <a href=\"https:\/\/photos.app.goo.gl\/mXPiehwCTSDV1NZz7\"><em>aqu\u00ed.<\/em><\/a><\/p>\n<p>Al finalitzar l&#8217;exposici\u00f3, vam representar la can\u00e7\u00f3 de bressol, El n\u00favol de la son, de la D\u00e0maris Gelabert. El descans ens ajudava a cr\u00e9ixer. Si vols veure el video, clica <a href=\"http:\/\/www.kizoa.es\/Editar-V\u00eddeos-Movie-Maker\/d288593291k2533440o2l1\/el-nvol-de-la-son-d\u00e0maris-gelabert\"><em>aqu\u00ed<\/em><\/a>.<\/p>\n","protected":false},"excerpt":{"rendered":"<p>Els nens i les nenes de P3A han teballat en el projecte &#8220;Creixem per dins i per fora&#8220;, a partir de la presentaci\u00f3 de les capses de la vida. Juntament amb les fam\u00edlies ens han ofert una mostra de les coses importants i significatives de&hellip;  <a href=\"https:\/\/agora.xtec.cat\/esc-teresabergada\/infantil\/i4\/la-capsa-de-la-vida-creixem-per-dins-i-per-fora\/\" title=\"Read LA CAPSA DE LA VIDA. CREIXEM PER DINS I PER FORA.\">Llegeix m\u00e9s\u00bb<\/a><\/p>\n","protected":false},"author":12,"featured_media":0,"comment_status":"open","ping_status":"closed","sticky":false,"template":"","format":"standard","meta":{"_bbp_topic_count":0,"_bbp_reply_count":0,"_bbp_total_topic_count":0,"_bbp_total_reply_count":0,"_bbp_voice_count":0,"_bbp_anonymous_reply_count":0,"_bbp_topic_count_hidden":0,"_bbp_reply_count_hidden":0,"_bbp_forum_subforum_count":0,"footnotes":""},"categories":[236],"tags":[],"class_list":["post-4829","post","type-post","status-publish","format-standard","hentry","category-i4"],"post_mailing_queue_ids":[],"_links":{"self":[{"href":"https:\/\/agora.xtec.cat\/esc-teresabergada\/wp-json\/wp\/v2\/posts\/4829","targetHints":{"allow":["GET"]}}],"collection":[{"href":"https:\/\/agora.xtec.cat\/esc-teresabergada\/wp-json\/wp\/v2\/posts"}],"about":[{"href":"https:\/\/agora.xtec.cat\/esc-teresabergada\/wp-json\/wp\/v2\/types\/post"}],"author":[{"embeddable":true,"href":"https:\/\/agora.xtec.cat\/esc-teresabergada\/wp-json\/wp\/v2\/users\/12"}],"replies":[{"embeddable":true,"href":"https:\/\/agora.xtec.cat\/esc-teresabergada\/wp-json\/wp\/v2\/comments?post=4829"}],"version-history":[{"count":3,"href":"https:\/\/agora.xtec.cat\/esc-teresabergada\/wp-json\/wp\/v2\/posts\/4829\/revisions"}],"predecessor-version":[{"id":4839,"href":"https:\/\/agora.xtec.cat\/esc-teresabergada\/wp-json\/wp\/v2\/posts\/4829\/revisions\/4839"}],"wp:attachment":[{"href":"https:\/\/agora.xtec.cat\/esc-teresabergada\/wp-json\/wp\/v2\/media?parent=4829"}],"wp:term":[{"taxonomy":"category","embeddable":true,"href":"https:\/\/agora.xtec.cat\/esc-teresabergada\/wp-json\/wp\/v2\/categories?post=4829"},{"taxonomy":"post_tag","embeddable":true,"href":"https:\/\/agora.xtec.cat\/esc-teresabergada\/wp-json\/wp\/v2\/tags?post=4829"}],"curies":[{"name":"wp","href":"https:\/\/api.w.org\/{rel}","templated":true}]}}