{"id":4772,"date":"2019-06-30T18:11:10","date_gmt":"2019-06-30T16:11:10","guid":{"rendered":"http:\/\/agora.xtec.cat\/esc-teresabergada\/?p=4772"},"modified":"2020-09-08T05:17:50","modified_gmt":"2020-09-08T03:17:50","slug":"presentacio-projecte-ens-fem-grans","status":"publish","type":"post","link":"https:\/\/agora.xtec.cat\/esc-teresabergada\/infantil\/presentacio-projecte-ens-fem-grans\/","title":{"rendered":"Presentacio projecte ENS FEM GRANS"},"content":{"rendered":"<p>Els nens i les nenes de la classe de les papallones hem fet el projecte ENS FEM GRANS.<\/p>\n<p>A continuaci\u00f3 us presentarem el nostre producte final, qua ha estat una exposici\u00f3 del projecte, a un p\u00fablic molt especial, la nostra fam\u00edlia, els pares i les mares<\/p>\n<p>Si cliqueu a la imatge en veureu el video.<\/p>\n<p><a href=\"http:\/\/www.kizoa.es\/Editar-V\u00eddeos-Movie-Maker\/d280866834kP872808584o2l1\/ens-fem-grans--p3b-18-19\"><img loading=\"lazy\" decoding=\"async\" class=\"alignnone wp-image-4773\" src=\"https:\/\/agora.xtec.cat\/esc-teresabergada\/wp-content\/uploads\/usu1533\/2019\/06\/Foto-0.jpg\" alt=\"\" width=\"306\" height=\"173\" srcset=\"https:\/\/agora.xtec.cat\/esc-teresabergada\/wp-content\/uploads\/usu1533\/2019\/06\/Foto-0.jpg 925w, https:\/\/agora.xtec.cat\/esc-teresabergada\/wp-content\/uploads\/usu1533\/2019\/06\/Foto-0-300x170.jpg 300w, https:\/\/agora.xtec.cat\/esc-teresabergada\/wp-content\/uploads\/usu1533\/2019\/06\/Foto-0-768x435.jpg 768w\" sizes=\"auto, (max-width: 306px) 100vw, 306px\" \/><\/a><\/p>\n<p>Si cliqueu <a href=\"https:\/\/photos.app.goo.gl\/C1s3dmEp4mWEdaUN8\">aqu<\/a>i veureu imatges de la presentaci\u00f3<\/p>\n<p>&nbsp;<\/p>\n","protected":false},"excerpt":{"rendered":"<p>Des de dins del ventre de la mare i desor\u00e9s de n\u00e9ixer tots nosaltres anem creixent i ens fem grans.&hellip;  <a href=\"https:\/\/agora.xtec.cat\/esc-teresabergada\/infantil\/presentacio-projecte-ens-fem-grans\/\" title=\"Read Presentacio projecte ENS FEM GRANS\">Llegeix m\u00e9s\u00bb<\/a><\/p>\n","protected":false},"author":1,"featured_media":4773,"comment_status":"open","ping_status":"closed","sticky":false,"template":"","format":"standard","meta":{"_bbp_topic_count":0,"_bbp_reply_count":0,"_bbp_total_topic_count":0,"_bbp_total_reply_count":0,"_bbp_voice_count":0,"_bbp_anonymous_reply_count":0,"_bbp_topic_count_hidden":0,"_bbp_reply_count_hidden":0,"_bbp_forum_subforum_count":0,"footnotes":""},"categories":[251,2],"tags":[],"class_list":["post-4772","post","type-post","status-publish","format-standard","has-post-thumbnail","hentry","category-i5","category-infantil"],"post_mailing_queue_ids":[],"_links":{"self":[{"href":"https:\/\/agora.xtec.cat\/esc-teresabergada\/wp-json\/wp\/v2\/posts\/4772","targetHints":{"allow":["GET"]}}],"collection":[{"href":"https:\/\/agora.xtec.cat\/esc-teresabergada\/wp-json\/wp\/v2\/posts"}],"about":[{"href":"https:\/\/agora.xtec.cat\/esc-teresabergada\/wp-json\/wp\/v2\/types\/post"}],"author":[{"embeddable":true,"href":"https:\/\/agora.xtec.cat\/esc-teresabergada\/wp-json\/wp\/v2\/users\/1"}],"replies":[{"embeddable":true,"href":"https:\/\/agora.xtec.cat\/esc-teresabergada\/wp-json\/wp\/v2\/comments?post=4772"}],"version-history":[{"count":2,"href":"https:\/\/agora.xtec.cat\/esc-teresabergada\/wp-json\/wp\/v2\/posts\/4772\/revisions"}],"predecessor-version":[{"id":4775,"href":"https:\/\/agora.xtec.cat\/esc-teresabergada\/wp-json\/wp\/v2\/posts\/4772\/revisions\/4775"}],"wp:featuredmedia":[{"embeddable":true,"href":"https:\/\/agora.xtec.cat\/esc-teresabergada\/wp-json\/wp\/v2\/media\/4773"}],"wp:attachment":[{"href":"https:\/\/agora.xtec.cat\/esc-teresabergada\/wp-json\/wp\/v2\/media?parent=4772"}],"wp:term":[{"taxonomy":"category","embeddable":true,"href":"https:\/\/agora.xtec.cat\/esc-teresabergada\/wp-json\/wp\/v2\/categories?post=4772"},{"taxonomy":"post_tag","embeddable":true,"href":"https:\/\/agora.xtec.cat\/esc-teresabergada\/wp-json\/wp\/v2\/tags?post=4772"}],"curies":[{"name":"wp","href":"https:\/\/api.w.org\/{rel}","templated":true}]}}