{"id":4737,"date":"2019-06-22T21:00:52","date_gmt":"2019-06-22T19:00:52","guid":{"rendered":"http:\/\/agora.xtec.cat\/esc-teresabergada\/?p=4737"},"modified":"2019-06-24T18:40:30","modified_gmt":"2019-06-24T16:40:30","slug":"aigua-aigua-i-mes-aigua","status":"publish","type":"post","link":"https:\/\/agora.xtec.cat\/esc-teresabergada\/portada\/aigua-aigua-i-mes-aigua\/","title":{"rendered":"Aigua, aigua i&#8230; m\u00e9s aigua!"},"content":{"rendered":"<p>L&#8217;\u00faltim dia de curs \u00e9s ben esperat per totes i tots els alumnes, sabeu per qu\u00e8??? Doncs per la desitjada festa de l&#8217;aigua!<\/p>\n<p>Ben remullats us desitgem unes bones i fresques vacances i ens retrobem al setembre amb les piles ben carregades.<\/p>\n<p><a href=\"https:\/\/photos.app.goo.gl\/26WhfoE5SxnZrJAP9\" target=\"_blank\" rel=\"noopener noreferrer\"><img loading=\"lazy\" decoding=\"async\" class=\"aligncenter wp-image-4739 size-medium\" src=\"https:\/\/agora.xtec.cat\/esc-teresabergada\/wp-content\/uploads\/usu1533\/2019\/06\/Captura-de-Pantalla-2019-06-22-a-les-14.15.38-300x143.png\" alt=\"\" width=\"300\" height=\"143\" srcset=\"https:\/\/agora.xtec.cat\/esc-teresabergada\/wp-content\/uploads\/usu1533\/2019\/06\/Captura-de-Pantalla-2019-06-22-a-les-14.15.38-300x143.png 300w, https:\/\/agora.xtec.cat\/esc-teresabergada\/wp-content\/uploads\/usu1533\/2019\/06\/Captura-de-Pantalla-2019-06-22-a-les-14.15.38-768x367.png 768w, https:\/\/agora.xtec.cat\/esc-teresabergada\/wp-content\/uploads\/usu1533\/2019\/06\/Captura-de-Pantalla-2019-06-22-a-les-14.15.38.png 799w\" sizes=\"auto, (max-width: 300px) 100vw, 300px\" \/><\/a><\/p>\n","protected":false},"excerpt":{"rendered":"<p>L&#8217;\u00faltim dia de curs \u00e9s ben esperat per totes i tots els alumnes, sabeu per qu\u00e8??? Doncs per la desitjada festa de l&#8217;aigua!<br \/>\nBen remullats us desitgem unes bones i fresques vacances i ens retrobem al setembre amb les piles ben carregades.<br \/>\n<a href=\"https:\/\/photos.app.goo.gl\/26WhfoE5SxnZrJAP9\" target=\"_blank\" rel=\"noopener noreferrer\"><\/a><\/p>\n","protected":false},"author":1,"featured_media":4739,"comment_status":"open","ping_status":"closed","sticky":false,"template":"","format":"standard","meta":{"_bbp_topic_count":0,"_bbp_reply_count":0,"_bbp_total_topic_count":0,"_bbp_total_reply_count":0,"_bbp_voice_count":0,"_bbp_anonymous_reply_count":0,"_bbp_topic_count_hidden":0,"_bbp_reply_count_hidden":0,"_bbp_forum_subforum_count":0,"footnotes":""},"categories":[4],"tags":[427,334],"class_list":["post-4737","post","type-post","status-publish","format-standard","has-post-thumbnail","hentry","category-portada","tag-festa-de-laigua","tag-fi-de-curs"],"post_mailing_queue_ids":[],"_links":{"self":[{"href":"https:\/\/agora.xtec.cat\/esc-teresabergada\/wp-json\/wp\/v2\/posts\/4737","targetHints":{"allow":["GET"]}}],"collection":[{"href":"https:\/\/agora.xtec.cat\/esc-teresabergada\/wp-json\/wp\/v2\/posts"}],"about":[{"href":"https:\/\/agora.xtec.cat\/esc-teresabergada\/wp-json\/wp\/v2\/types\/post"}],"author":[{"embeddable":true,"href":"https:\/\/agora.xtec.cat\/esc-teresabergada\/wp-json\/wp\/v2\/users\/1"}],"replies":[{"embeddable":true,"href":"https:\/\/agora.xtec.cat\/esc-teresabergada\/wp-json\/wp\/v2\/comments?post=4737"}],"version-history":[{"count":3,"href":"https:\/\/agora.xtec.cat\/esc-teresabergada\/wp-json\/wp\/v2\/posts\/4737\/revisions"}],"predecessor-version":[{"id":4741,"href":"https:\/\/agora.xtec.cat\/esc-teresabergada\/wp-json\/wp\/v2\/posts\/4737\/revisions\/4741"}],"wp:featuredmedia":[{"embeddable":true,"href":"https:\/\/agora.xtec.cat\/esc-teresabergada\/wp-json\/wp\/v2\/media\/4739"}],"wp:attachment":[{"href":"https:\/\/agora.xtec.cat\/esc-teresabergada\/wp-json\/wp\/v2\/media?parent=4737"}],"wp:term":[{"taxonomy":"category","embeddable":true,"href":"https:\/\/agora.xtec.cat\/esc-teresabergada\/wp-json\/wp\/v2\/categories?post=4737"},{"taxonomy":"post_tag","embeddable":true,"href":"https:\/\/agora.xtec.cat\/esc-teresabergada\/wp-json\/wp\/v2\/tags?post=4737"}],"curies":[{"name":"wp","href":"https:\/\/api.w.org\/{rel}","templated":true}]}}