{"id":4692,"date":"2019-06-17T19:49:26","date_gmt":"2019-06-17T17:49:26","guid":{"rendered":"http:\/\/agora.xtec.cat\/esc-teresabergada\/?p=4692"},"modified":"2019-09-26T20:01:09","modified_gmt":"2019-09-26T18:01:09","slug":"cantania-2019-2","status":"publish","type":"post","link":"https:\/\/agora.xtec.cat\/esc-teresabergada\/portada\/cantania-2019-2\/","title":{"rendered":"CANT\u00c0NIA-2019"},"content":{"rendered":"<p>El dimecres 29 de Maig vam anar a l&#8217;Auditori de Barcelona per participar en la cantata AdeBROSSA juntament amb altres escoles d&#8217;arreu.Va ser una experi\u00e8ncia fascinant i en vam gaudir molt\u00edssim.Hem treballat tot l&#8217;any les can\u00e7ons ,els moviments&#8230;hem preparat el material per poder tenir tot a punt per aquest dia.Tot va sortir molt be i ho tornar\u00edem a repetir.<\/p>\n<p>Cliqueu a la imatge per accedir a l&#8217;album de fotos de Cant\u00e0nia-2019.<\/p>\n<p><a href=\"https:\/\/photos.app.goo.gl\/ocWB3E2UskB5ajNp9\" target=\"_blank\" rel=\"noopener noreferrer\"><img loading=\"lazy\" decoding=\"async\" class=\"alignnone wp-image-4694 size-medium\" src=\"https:\/\/agora.xtec.cat\/esc-teresabergada\/wp-content\/uploads\/usu1533\/2019\/06\/IMG-20190529-WA0028-300x225.jpg\" alt=\"\" width=\"300\" height=\"225\" \/><\/a><\/p>\n","protected":false},"excerpt":{"rendered":"<p>El dimecres 29 de Maig vam anar a l&#8217;Auditori de Barcelona per participar en la cantata AdeBROSSA juntament amb altres escoles d&#8217;arreu.Va ser una experi\u00e8ncia fascinant i en vam gaudir molt\u00edssim.Hem treballat tot l&#8217;any les can\u00e7ons ,els moviments&#8230;hem preparat el material per poder tenir tot&hellip;  <a href=\"https:\/\/agora.xtec.cat\/esc-teresabergada\/portada\/cantania-2019-2\/\" title=\"Read CANT\u00c0NIA-2019\">Llegeix m\u00e9s\u00bb<\/a><\/p>\n","protected":false},"author":1,"featured_media":0,"comment_status":"open","ping_status":"closed","sticky":false,"template":"","format":"standard","meta":{"_bbp_topic_count":0,"_bbp_reply_count":0,"_bbp_total_topic_count":0,"_bbp_total_reply_count":0,"_bbp_voice_count":0,"_bbp_anonymous_reply_count":0,"_bbp_topic_count_hidden":0,"_bbp_reply_count_hidden":0,"_bbp_forum_subforum_count":0,"footnotes":""},"categories":[240,104,4],"tags":[425],"class_list":["post-4692","post","type-post","status-publish","format-standard","hentry","category-6e","category-musica","category-portada","tag-cantania2019-musica-cantata-auditoribarcelona"],"post_mailing_queue_ids":[],"_links":{"self":[{"href":"https:\/\/agora.xtec.cat\/esc-teresabergada\/wp-json\/wp\/v2\/posts\/4692","targetHints":{"allow":["GET"]}}],"collection":[{"href":"https:\/\/agora.xtec.cat\/esc-teresabergada\/wp-json\/wp\/v2\/posts"}],"about":[{"href":"https:\/\/agora.xtec.cat\/esc-teresabergada\/wp-json\/wp\/v2\/types\/post"}],"author":[{"embeddable":true,"href":"https:\/\/agora.xtec.cat\/esc-teresabergada\/wp-json\/wp\/v2\/users\/1"}],"replies":[{"embeddable":true,"href":"https:\/\/agora.xtec.cat\/esc-teresabergada\/wp-json\/wp\/v2\/comments?post=4692"}],"version-history":[{"count":3,"href":"https:\/\/agora.xtec.cat\/esc-teresabergada\/wp-json\/wp\/v2\/posts\/4692\/revisions"}],"predecessor-version":[{"id":4770,"href":"https:\/\/agora.xtec.cat\/esc-teresabergada\/wp-json\/wp\/v2\/posts\/4692\/revisions\/4770"}],"wp:attachment":[{"href":"https:\/\/agora.xtec.cat\/esc-teresabergada\/wp-json\/wp\/v2\/media?parent=4692"}],"wp:term":[{"taxonomy":"category","embeddable":true,"href":"https:\/\/agora.xtec.cat\/esc-teresabergada\/wp-json\/wp\/v2\/categories?post=4692"},{"taxonomy":"post_tag","embeddable":true,"href":"https:\/\/agora.xtec.cat\/esc-teresabergada\/wp-json\/wp\/v2\/tags?post=4692"}],"curies":[{"name":"wp","href":"https:\/\/api.w.org\/{rel}","templated":true}]}}