{"id":4680,"date":"2019-06-15T09:38:27","date_gmt":"2019-06-15T07:38:27","guid":{"rendered":"http:\/\/agora.xtec.cat\/esc-teresabergada\/?p=4680"},"modified":"2019-09-26T20:01:52","modified_gmt":"2019-09-26T18:01:52","slug":"jornada-de-convivencia-a-almenar","status":"publish","type":"post","link":"https:\/\/agora.xtec.cat\/esc-teresabergada\/general\/jornada-de-convivencia-a-almenar\/","title":{"rendered":"JORNADA DE CONVIV\u00c8NCIA A ALMENAR"},"content":{"rendered":"<p style=\"text-align: justify\">Avui divendres l&#8217;alumnat de sis\u00e8 del nostre centre ha anat a fer una jornada de conviv\u00e8ncia\u00a0 amb els\/les alumnes de l&#8217;escola d&#8217;Alfarr\u00e0s i Almenar. Molts d&#8217;ells\/es comen\u00e7aran la nova etapa de secund\u00e0ria a l&#8217;IES d&#8217;Almenar.<\/p>\n<p style=\"text-align: justify\">L&#8217;objectiu d&#8217;aquesta trobada era que es coneguessin compartint activitats l\u00fadiques promogudes des del departament d&#8217;educaci\u00f3 f\u00edsica de cada escola. Per acabar han anat a les instal\u00b7lacions de l&#8217;institut on els han convidat a esmorzar coca amb xocolata.<\/p>\n<p style=\"text-align: justify\">Una jornada ben\u00a0 bonica on de ben segur s&#8217;han comen\u00e7at a crear lla\u00e7os d&#8217;amistat entre molts d&#8217;ells\/es.<\/p>\n<p><a href=\"https:\/\/photos.app.goo.gl\/qTPEG31jPkWL92oK7\"><img loading=\"lazy\" decoding=\"async\" class=\"aligncenter wp-image-4686 size-full\" src=\"https:\/\/agora.xtec.cat\/esc-teresabergada\/wp-content\/uploads\/usu1533\/2019\/06\/almenar.jpg\" alt=\"\" width=\"1578\" height=\"510\" \/><\/a><\/p>\n","protected":false},"excerpt":{"rendered":"<p>Avui divendres l&#8217;alumnat de sis\u00e8 del nostre centre ha anat a fer una jornada de conviv\u00e8ncia\u00a0 amb els\/les alumnes de l&#8217;escola d&#8217;Alfarr\u00e0s i Almenar. Molts d&#8217;ells\/es comen\u00e7aran la nova etapa de secund\u00e0ria a l&#8217;IES d&#8217;Almenar.<br \/>\nL&#8217;objectiu d&#8217;aquesta trobada era que es coneguessin compartint activitats l\u00fadiques promogudes&hellip;  <a href=\"https:\/\/agora.xtec.cat\/esc-teresabergada\/general\/jornada-de-convivencia-a-almenar\/\" title=\"Read JORNADA DE CONVIV\u00c8NCIA A ALMENAR\">Llegeix m\u00e9s\u00bb<\/a><\/p>\n","protected":false},"author":32,"featured_media":0,"comment_status":"open","ping_status":"closed","sticky":false,"template":"","format":"standard","meta":{"_bbp_topic_count":0,"_bbp_reply_count":0,"_bbp_total_topic_count":0,"_bbp_total_reply_count":0,"_bbp_voice_count":0,"_bbp_anonymous_reply_count":0,"_bbp_topic_count_hidden":0,"_bbp_reply_count_hidden":0,"_bbp_forum_subforum_count":0,"footnotes":""},"categories":[1],"tags":[],"class_list":["post-4680","post","type-post","status-publish","format-standard","hentry","category-general"],"post_mailing_queue_ids":[],"_links":{"self":[{"href":"https:\/\/agora.xtec.cat\/esc-teresabergada\/wp-json\/wp\/v2\/posts\/4680","targetHints":{"allow":["GET"]}}],"collection":[{"href":"https:\/\/agora.xtec.cat\/esc-teresabergada\/wp-json\/wp\/v2\/posts"}],"about":[{"href":"https:\/\/agora.xtec.cat\/esc-teresabergada\/wp-json\/wp\/v2\/types\/post"}],"author":[{"embeddable":true,"href":"https:\/\/agora.xtec.cat\/esc-teresabergada\/wp-json\/wp\/v2\/users\/32"}],"replies":[{"embeddable":true,"href":"https:\/\/agora.xtec.cat\/esc-teresabergada\/wp-json\/wp\/v2\/comments?post=4680"}],"version-history":[{"count":3,"href":"https:\/\/agora.xtec.cat\/esc-teresabergada\/wp-json\/wp\/v2\/posts\/4680\/revisions"}],"predecessor-version":[{"id":4687,"href":"https:\/\/agora.xtec.cat\/esc-teresabergada\/wp-json\/wp\/v2\/posts\/4680\/revisions\/4687"}],"wp:attachment":[{"href":"https:\/\/agora.xtec.cat\/esc-teresabergada\/wp-json\/wp\/v2\/media?parent=4680"}],"wp:term":[{"taxonomy":"category","embeddable":true,"href":"https:\/\/agora.xtec.cat\/esc-teresabergada\/wp-json\/wp\/v2\/categories?post=4680"},{"taxonomy":"post_tag","embeddable":true,"href":"https:\/\/agora.xtec.cat\/esc-teresabergada\/wp-json\/wp\/v2\/tags?post=4680"}],"curies":[{"name":"wp","href":"https:\/\/api.w.org\/{rel}","templated":true}]}}