{"id":4677,"date":"2019-06-20T23:00:10","date_gmt":"2019-06-20T21:00:10","guid":{"rendered":"http:\/\/agora.xtec.cat\/esc-teresabergada\/?p=4677"},"modified":"2019-09-26T20:00:30","modified_gmt":"2019-09-26T18:00:30","slug":"tardes-animalades","status":"publish","type":"post","link":"https:\/\/agora.xtec.cat\/esc-teresabergada\/blocs-de-primaria\/3r\/tardes-animalades\/","title":{"rendered":"Tardes Anima(la)des!"},"content":{"rendered":"<p>Ja s&#8217;acaba el curs, i amb ell l&#8217;\u00faltim projecte: ELS ANIMALS.<\/p>\n<p>El treballar per projectes ajuda a que aquest tema s&#8217;hagi pogut abordar des de moltes vessants i realitzant una varietat d&#8217;activitats que ajuden a desenvolupar la curiositat, a buscar informacions de diferents maneres, a planificar i decidir, a engrescar als alumnes en l&#8217;aprenentatge, a poder treballar en equip ,a autoavaluar-se i tamb\u00e9 a compartir all\u00f2 que han apr\u00e9s.<\/p>\n<p>Aquest moment de compartir els aprenentatges ha estat l&#8217;\u00faltima activitat de tot el proc\u00e9s, quan, amb molts nervis per\u00f2 tamb\u00e9 amb moltes ganes, han explicat a les fam\u00edlies all\u00f2 que han treballat, el com ho han fet i alguns dels coneixements adquirits.<\/p>\n<p><a href=\"https:\/\/drive.google.com\/file\/d\/1OhbXHqLI0Egj_qn9VuTaRmwpR9vVP5yX\/view?usp=sharing\">Aqu\u00ed us deixem la presentaci\u00f3 que van fer als pares, junt amb les petites\u00a0 reflexions finals.<\/a><\/p>\n<p><a href=\"https:\/\/photos.app.goo.gl\/nvkFwnHVhs8Ct6Rm9\">Aqu\u00ed hi ha algunes de les fotos que s&#8217;han anat recollint al llarg del projecte<\/a><\/p>\n<p>&nbsp;<\/p>\n<p>Esperem que us hagi agradat.<\/p>\n<p>&nbsp;<\/p>\n<p>&nbsp;<\/p>\n","protected":false},"excerpt":{"rendered":"<p>Ja s&#8217;acaba el curs, i amb ell l&#8217;\u00faltim projecte: ELS ANIMALS.<br \/>\nEl treballar per projectes ajuda a que aquest tema s&#8217;hagi pogut abordar des de moltes vessants i realitzant una varietat d&#8217;activitats que ajuden a desenvolupar la curiositat, a buscar informacions de diferents maneres, a planificar&hellip;  <a href=\"https:\/\/agora.xtec.cat\/esc-teresabergada\/blocs-de-primaria\/3r\/tardes-animalades\/\" title=\"Read Tardes Anima(la)des!\">Llegeix m\u00e9s\u00bb<\/a><\/p>\n","protected":false},"author":16,"featured_media":4729,"comment_status":"open","ping_status":"closed","sticky":false,"template":"","format":"standard","meta":{"_bbp_topic_count":0,"_bbp_reply_count":0,"_bbp_total_topic_count":0,"_bbp_total_reply_count":0,"_bbp_voice_count":0,"_bbp_anonymous_reply_count":0,"_bbp_topic_count_hidden":0,"_bbp_reply_count_hidden":0,"_bbp_forum_subforum_count":0,"footnotes":""},"categories":[238],"tags":[135,417,172,426,70],"class_list":["post-4677","post","type-post","status-publish","format-standard","has-post-thumbnail","hentry","category-3r","tag-cicle-inicial","tag-els-animals","tag-medi","tag-natural","tag-projecte"],"post_mailing_queue_ids":[],"_links":{"self":[{"href":"https:\/\/agora.xtec.cat\/esc-teresabergada\/wp-json\/wp\/v2\/posts\/4677","targetHints":{"allow":["GET"]}}],"collection":[{"href":"https:\/\/agora.xtec.cat\/esc-teresabergada\/wp-json\/wp\/v2\/posts"}],"about":[{"href":"https:\/\/agora.xtec.cat\/esc-teresabergada\/wp-json\/wp\/v2\/types\/post"}],"author":[{"embeddable":true,"href":"https:\/\/agora.xtec.cat\/esc-teresabergada\/wp-json\/wp\/v2\/users\/16"}],"replies":[{"embeddable":true,"href":"https:\/\/agora.xtec.cat\/esc-teresabergada\/wp-json\/wp\/v2\/comments?post=4677"}],"version-history":[{"count":4,"href":"https:\/\/agora.xtec.cat\/esc-teresabergada\/wp-json\/wp\/v2\/posts\/4677\/revisions"}],"predecessor-version":[{"id":5308,"href":"https:\/\/agora.xtec.cat\/esc-teresabergada\/wp-json\/wp\/v2\/posts\/4677\/revisions\/5308"}],"wp:featuredmedia":[{"embeddable":true,"href":"https:\/\/agora.xtec.cat\/esc-teresabergada\/wp-json\/wp\/v2\/media\/4729"}],"wp:attachment":[{"href":"https:\/\/agora.xtec.cat\/esc-teresabergada\/wp-json\/wp\/v2\/media?parent=4677"}],"wp:term":[{"taxonomy":"category","embeddable":true,"href":"https:\/\/agora.xtec.cat\/esc-teresabergada\/wp-json\/wp\/v2\/categories?post=4677"},{"taxonomy":"post_tag","embeddable":true,"href":"https:\/\/agora.xtec.cat\/esc-teresabergada\/wp-json\/wp\/v2\/tags?post=4677"}],"curies":[{"name":"wp","href":"https:\/\/api.w.org\/{rel}","templated":true}]}}