{"id":4635,"date":"2019-06-06T13:01:38","date_gmt":"2019-06-06T11:01:38","guid":{"rendered":"http:\/\/agora.xtec.cat\/esc-teresabergada\/?p=4635"},"modified":"2020-09-07T17:45:15","modified_gmt":"2020-09-07T15:45:15","slug":"tardes-en-familia-aficions-projecte-els-cotxes","status":"publish","type":"post","link":"https:\/\/agora.xtec.cat\/esc-teresabergada\/blocs-de-primaria\/2n\/tardes-en-familia-aficions-projecte-els-cotxes\/","title":{"rendered":"TARDES EN FAM\u00cdLIA. AFICIONS: PROJECTE ELS COTXES"},"content":{"rendered":"<p style=\"text-align: justify;\">El dia 28 de maig el nens i nenes de la classe dels cotxes vam exposar a les nostres fam\u00edlies el projecte que hem fet aquest curs. Tot plegat ha estat un tast d&#8217;algunes coses que hem treballat i apr\u00e8s, per\u00f2 sobre tot de com hem anat realitzant el projecte. Les aficions que alguns pares i mares heu compartit han estat molt interessants i engrescadores. Des de l&#8217;escola us volem agrair la vostra participaci\u00f3.<\/p>\n<p>MOLTES GR\u00c0CIES!!<\/p>\n<figure class=\"figure wp-caption aligncenter\"><a href=\"https:\/\/photos.app.goo.gl\/BuioNtDPYabrQRUN8\"><img loading=\"lazy\" decoding=\"async\" class=\"size-large wp-image-4643\" src=\"https:\/\/agora.xtec.cat\/esc-teresabergada\/wp-content\/uploads\/usu1533\/2019\/06\/IMG_20190605_110008-998x1024.jpg\" alt=\"\" width=\"998\" height=\"1024\" srcset=\"https:\/\/agora.xtec.cat\/esc-teresabergada\/wp-content\/uploads\/usu1533\/2019\/06\/IMG_20190605_110008-998x1024.jpg 998w, https:\/\/agora.xtec.cat\/esc-teresabergada\/wp-content\/uploads\/usu1533\/2019\/06\/IMG_20190605_110008-292x300.jpg 292w, https:\/\/agora.xtec.cat\/esc-teresabergada\/wp-content\/uploads\/usu1533\/2019\/06\/IMG_20190605_110008-768x788.jpg 768w\" sizes=\"auto, (max-width: 998px) 100vw, 998px\" \/><\/a><figcaption class=\"wp-caption-text\"><em>(feu clic a la foto per accedir al recull fotogr\u00e0fic)<\/em><\/figcaption><\/figure>\n","protected":false},"excerpt":{"rendered":"<p>AFICIONS: PROJECTE ELS COTXES.&hellip;  <a href=\"https:\/\/agora.xtec.cat\/esc-teresabergada\/blocs-de-primaria\/2n\/tardes-en-familia-aficions-projecte-els-cotxes\/\" title=\"Read TARDES EN FAM\u00cdLIA. AFICIONS: PROJECTE ELS COTXES\">Llegeix m\u00e9s\u00bb<\/a><\/p>\n","protected":false},"author":1,"featured_media":4643,"comment_status":"open","ping_status":"closed","sticky":false,"template":"","format":"standard","meta":{"_bbp_topic_count":0,"_bbp_reply_count":0,"_bbp_total_topic_count":0,"_bbp_total_reply_count":0,"_bbp_voice_count":0,"_bbp_anonymous_reply_count":0,"_bbp_topic_count_hidden":0,"_bbp_reply_count_hidden":0,"_bbp_forum_subforum_count":0,"footnotes":""},"categories":[153],"tags":[],"class_list":["post-4635","post","type-post","status-publish","format-standard","has-post-thumbnail","hentry","category-2n"],"post_mailing_queue_ids":[],"_links":{"self":[{"href":"https:\/\/agora.xtec.cat\/esc-teresabergada\/wp-json\/wp\/v2\/posts\/4635","targetHints":{"allow":["GET"]}}],"collection":[{"href":"https:\/\/agora.xtec.cat\/esc-teresabergada\/wp-json\/wp\/v2\/posts"}],"about":[{"href":"https:\/\/agora.xtec.cat\/esc-teresabergada\/wp-json\/wp\/v2\/types\/post"}],"author":[{"embeddable":true,"href":"https:\/\/agora.xtec.cat\/esc-teresabergada\/wp-json\/wp\/v2\/users\/1"}],"replies":[{"embeddable":true,"href":"https:\/\/agora.xtec.cat\/esc-teresabergada\/wp-json\/wp\/v2\/comments?post=4635"}],"version-history":[{"count":3,"href":"https:\/\/agora.xtec.cat\/esc-teresabergada\/wp-json\/wp\/v2\/posts\/4635\/revisions"}],"predecessor-version":[{"id":4644,"href":"https:\/\/agora.xtec.cat\/esc-teresabergada\/wp-json\/wp\/v2\/posts\/4635\/revisions\/4644"}],"wp:featuredmedia":[{"embeddable":true,"href":"https:\/\/agora.xtec.cat\/esc-teresabergada\/wp-json\/wp\/v2\/media\/4643"}],"wp:attachment":[{"href":"https:\/\/agora.xtec.cat\/esc-teresabergada\/wp-json\/wp\/v2\/media?parent=4635"}],"wp:term":[{"taxonomy":"category","embeddable":true,"href":"https:\/\/agora.xtec.cat\/esc-teresabergada\/wp-json\/wp\/v2\/categories?post=4635"},{"taxonomy":"post_tag","embeddable":true,"href":"https:\/\/agora.xtec.cat\/esc-teresabergada\/wp-json\/wp\/v2\/tags?post=4635"}],"curies":[{"name":"wp","href":"https:\/\/api.w.org\/{rel}","templated":true}]}}