{"id":4631,"date":"2019-06-04T14:36:23","date_gmt":"2019-06-04T12:36:23","guid":{"rendered":"http:\/\/agora.xtec.cat\/esc-teresabergada\/?p=4631"},"modified":"2020-09-07T18:05:22","modified_gmt":"2020-09-07T16:05:22","slug":"anem-a-la-biblioteca-2","status":"publish","type":"post","link":"https:\/\/agora.xtec.cat\/esc-teresabergada\/blocs-de-primaria\/1r\/anem-a-la-biblioteca-2\/","title":{"rendered":"ANEM A LA BIBLIOTECA"},"content":{"rendered":"<p>Aquest mat\u00ed, els nens i nenes de P-4 hem anat d&#8217;excursi\u00f3 a la Biblioteca Josep Lladonosa<\/p>\n<p>Una cop hem arribat, l&#8217;\u00d2scar ens ha donat la benvinguda, i s&#8217;ha interessat molt per tot all\u00f2 que hem treballat al llarg del curs a l&#8217;escola. Ens ha ensenyat la zona d\u2019infantil i de quin color eren els gomets dels llibres adaptats a la nostra edat (gomet blau).<\/p>\n<p>Hem tingut una estona per donar una ullada a tots els llibres que ens ha preparat relacionats amb l&#8217;arc de Sant Mart\u00ed, els planetes, l&#8217;univers, les estacions de l&#8217;any&#8230;\u00a0 depr\u00e8s hem pogut fullejar els contes de la biblioteca&#8230;n&#8217;hi ha moooolts. Per \u00faltim la Gemma i la M\u00f2nica s&#8217;han animat a explicar-nos un conte.<\/p>\n<p>En arribar a l\u2019escola hem\u00a0 dibuixat\u00a0 el recorregut fet des de l&#8217;escola fins a la Biblioteca.<\/p>\n<p>Ha sigut una sortida del tot profitosa<\/p>\n<p><a href=\"https:\/\/photos.app.goo.gl\/ckVh4xEtRTMsrHfA8\">A continuaci\u00f3 us deixem una mostra dels moments viscuts.<\/a><\/p>\n","protected":false},"excerpt":{"rendered":"<p>Aquest mat\u00ed, els nens i nenes de P-4 hem anat d&#8217;excursi\u00f3 a la Biblioteca Josep Lladonosa<br \/>\nUna cop hem arribat, l&#8217;\u00d2scar ens ha donat la benvinguda, i s&#8217;ha interessat molt per tot all\u00f2 que hem treballat al llarg del curs a l&#8217;escola. Ens ha ensenyat la&hellip;  <a href=\"https:\/\/agora.xtec.cat\/esc-teresabergada\/blocs-de-primaria\/1r\/anem-a-la-biblioteca-2\/\" title=\"Read ANEM A LA BIBLIOTECA\">Llegeix m\u00e9s\u00bb<\/a><\/p>\n","protected":false},"author":1,"featured_media":0,"comment_status":"open","ping_status":"closed","sticky":false,"template":"","format":"standard","meta":{"_bbp_topic_count":0,"_bbp_reply_count":0,"_bbp_total_topic_count":0,"_bbp_total_reply_count":0,"_bbp_voice_count":0,"_bbp_anonymous_reply_count":0,"_bbp_topic_count_hidden":0,"_bbp_reply_count_hidden":0,"_bbp_forum_subforum_count":0,"footnotes":""},"categories":[348],"tags":[],"class_list":["post-4631","post","type-post","status-publish","format-standard","hentry","category-1r"],"post_mailing_queue_ids":[],"_links":{"self":[{"href":"https:\/\/agora.xtec.cat\/esc-teresabergada\/wp-json\/wp\/v2\/posts\/4631","targetHints":{"allow":["GET"]}}],"collection":[{"href":"https:\/\/agora.xtec.cat\/esc-teresabergada\/wp-json\/wp\/v2\/posts"}],"about":[{"href":"https:\/\/agora.xtec.cat\/esc-teresabergada\/wp-json\/wp\/v2\/types\/post"}],"author":[{"embeddable":true,"href":"https:\/\/agora.xtec.cat\/esc-teresabergada\/wp-json\/wp\/v2\/users\/1"}],"replies":[{"embeddable":true,"href":"https:\/\/agora.xtec.cat\/esc-teresabergada\/wp-json\/wp\/v2\/comments?post=4631"}],"version-history":[{"count":3,"href":"https:\/\/agora.xtec.cat\/esc-teresabergada\/wp-json\/wp\/v2\/posts\/4631\/revisions"}],"predecessor-version":[{"id":4641,"href":"https:\/\/agora.xtec.cat\/esc-teresabergada\/wp-json\/wp\/v2\/posts\/4631\/revisions\/4641"}],"wp:attachment":[{"href":"https:\/\/agora.xtec.cat\/esc-teresabergada\/wp-json\/wp\/v2\/media?parent=4631"}],"wp:term":[{"taxonomy":"category","embeddable":true,"href":"https:\/\/agora.xtec.cat\/esc-teresabergada\/wp-json\/wp\/v2\/categories?post=4631"},{"taxonomy":"post_tag","embeddable":true,"href":"https:\/\/agora.xtec.cat\/esc-teresabergada\/wp-json\/wp\/v2\/tags?post=4631"}],"curies":[{"name":"wp","href":"https:\/\/api.w.org\/{rel}","templated":true}]}}