{"id":4628,"date":"2019-06-03T18:59:18","date_gmt":"2019-06-03T16:59:18","guid":{"rendered":"http:\/\/agora.xtec.cat\/esc-teresabergada\/?p=4628"},"modified":"2019-09-26T20:03:13","modified_gmt":"2019-09-26T18:03:13","slug":"sortida-als-2llacs","status":"publish","type":"post","link":"https:\/\/agora.xtec.cat\/esc-teresabergada\/general\/sortida-als-2llacs\/","title":{"rendered":"Sortida als 2Llacs"},"content":{"rendered":"<p>Avui els alumnes de cinqu\u00e8 i sis\u00e8 de l&#8217;escola hem anat a passar el dia al centre d&#8217;aventura 2Llacs de Gimenells i Pla de la Font. Hem gaudit molt\u00edssim de les activitats i del dia tan fant\u00e0stic que ha fet.<\/p>\n<p>Durant el mat\u00ed hem realitzat les seg\u00fcents activitats:<\/p>\n<ul>\n<li>Circuit d&#8217;aventura: hem hagut de superar, ben assegurats amb l&#8217;arn\u00e8s, diversos obstacles elevats per arribar fins la tirolina final.<\/li>\n<li>Kayaks: armilla posada i cap a l&#8217;aigua. Amb el rem a la m\u00e0 no \u00e9s tan f\u00e0cil com sembla. Hem pogut passejar-nos pel llac amb kayak, saltar, banyar-nos i tornar a pujar, competir amb els companys i, sobretot, gaudir.<\/li>\n<li>Bus-bob: la llanxa motora ens arrossegava i, ben agafats a les cintes, hav\u00edem de procurar no caure&#8230; comptant que aix\u00f2 fos possible. Hem gaudit molt mentre ens remolcava, mentre qu\u00e8iem, quan no pod\u00edem pujar de nou&#8230;<\/li>\n<\/ul>\n<p>El temps ens ha acompanyat de manera fant\u00e0stica i ens ho hem passat molt b\u00e9.<\/p>\n<p><a href=\"https:\/\/photos.app.goo.gl\/QdbmxWETpxYQXaXUA\" target=\"_blank\" rel=\"noopener noreferrer\"><img loading=\"lazy\" decoding=\"async\" class=\"aligncenter wp-image-4629 size-large\" src=\"https:\/\/agora.xtec.cat\/esc-teresabergada\/wp-content\/uploads\/usu1533\/2019\/06\/IMG_3760-1024x768.jpg\" alt=\"\" width=\"1024\" height=\"768\" \/><\/a><\/p>\n<p>&nbsp;<\/p>\n","protected":false},"excerpt":{"rendered":"<p>Avui els alumnes de cinqu\u00e8 i sis\u00e8 de l&#8217;escola hem anat a passar el dia al centre d&#8217;aventura 2Llacs de Gimenells i Pla de la Font. Hem gaudit molt\u00edssim de les activitats i del dia tan fant\u00e0stic que ha fet.<br \/>\nDurant el mat\u00ed hem realitzat les&hellip;  <a href=\"https:\/\/agora.xtec.cat\/esc-teresabergada\/general\/sortida-als-2llacs\/\" title=\"Read Sortida als 2Llacs\">Llegeix m\u00e9s\u00bb<\/a><\/p>\n","protected":false},"author":37,"featured_media":0,"comment_status":"open","ping_status":"closed","sticky":false,"template":"","format":"standard","meta":{"_bbp_topic_count":0,"_bbp_reply_count":0,"_bbp_total_topic_count":0,"_bbp_total_reply_count":0,"_bbp_voice_count":0,"_bbp_anonymous_reply_count":0,"_bbp_topic_count_hidden":0,"_bbp_reply_count_hidden":0,"_bbp_forum_subforum_count":0,"footnotes":""},"categories":[1],"tags":[424,117,16],"class_list":["post-4628","post","type-post","status-publish","format-standard","hentry","category-general","tag-2llacs","tag-cicle-superior","tag-sortides"],"post_mailing_queue_ids":[],"_links":{"self":[{"href":"https:\/\/agora.xtec.cat\/esc-teresabergada\/wp-json\/wp\/v2\/posts\/4628","targetHints":{"allow":["GET"]}}],"collection":[{"href":"https:\/\/agora.xtec.cat\/esc-teresabergada\/wp-json\/wp\/v2\/posts"}],"about":[{"href":"https:\/\/agora.xtec.cat\/esc-teresabergada\/wp-json\/wp\/v2\/types\/post"}],"author":[{"embeddable":true,"href":"https:\/\/agora.xtec.cat\/esc-teresabergada\/wp-json\/wp\/v2\/users\/37"}],"replies":[{"embeddable":true,"href":"https:\/\/agora.xtec.cat\/esc-teresabergada\/wp-json\/wp\/v2\/comments?post=4628"}],"version-history":[{"count":1,"href":"https:\/\/agora.xtec.cat\/esc-teresabergada\/wp-json\/wp\/v2\/posts\/4628\/revisions"}],"predecessor-version":[{"id":4630,"href":"https:\/\/agora.xtec.cat\/esc-teresabergada\/wp-json\/wp\/v2\/posts\/4628\/revisions\/4630"}],"wp:attachment":[{"href":"https:\/\/agora.xtec.cat\/esc-teresabergada\/wp-json\/wp\/v2\/media?parent=4628"}],"wp:term":[{"taxonomy":"category","embeddable":true,"href":"https:\/\/agora.xtec.cat\/esc-teresabergada\/wp-json\/wp\/v2\/categories?post=4628"},{"taxonomy":"post_tag","embeddable":true,"href":"https:\/\/agora.xtec.cat\/esc-teresabergada\/wp-json\/wp\/v2\/tags?post=4628"}],"curies":[{"name":"wp","href":"https:\/\/api.w.org\/{rel}","templated":true}]}}