{"id":4608,"date":"2019-06-19T20:21:21","date_gmt":"2019-06-19T18:21:21","guid":{"rendered":"http:\/\/agora.xtec.cat\/esc-teresabergada\/?p=4608"},"modified":"2019-09-27T18:03:55","modified_gmt":"2019-09-27T16:03:55","slug":"projecte-dels-animals","status":"publish","type":"post","link":"https:\/\/agora.xtec.cat\/esc-teresabergada\/general\/projecte-dels-animals\/","title":{"rendered":"PROJECTE DELS ANIMALS"},"content":{"rendered":"<p>&nbsp;<\/p>\n<p><a href=\"https:\/\/photos.app.goo.gl\/U4iVGvoSNX9wJGLR8\"><img loading=\"lazy\" decoding=\"async\" class=\"alignnone wp-image-4611\" src=\"https:\/\/agora.xtec.cat\/esc-teresabergada\/wp-content\/uploads\/usu1533\/2019\/05\/P1020714.jpg\" alt=\"\" width=\"184\" height=\"138\" srcset=\"https:\/\/agora.xtec.cat\/esc-teresabergada\/wp-content\/uploads\/usu1533\/2019\/05\/P1020714.jpg 640w, https:\/\/agora.xtec.cat\/esc-teresabergada\/wp-content\/uploads\/usu1533\/2019\/05\/P1020714-300x225.jpg 300w, https:\/\/agora.xtec.cat\/esc-teresabergada\/wp-content\/uploads\/usu1533\/2019\/05\/P1020714-200x150.jpg 200w\" sizes=\"auto, (max-width: 184px) 100vw, 184px\" \/><\/a> \u00a0 \u00a0 \u00a0 \u00a0 \u00a0\u00a0 <img loading=\"lazy\" decoding=\"async\" class=\"alignnone wp-image-4612\" src=\"https:\/\/agora.xtec.cat\/esc-teresabergada\/wp-content\/uploads\/usu1533\/2019\/05\/P1020694.jpg\" alt=\"\" width=\"186\" height=\"140\" srcset=\"https:\/\/agora.xtec.cat\/esc-teresabergada\/wp-content\/uploads\/usu1533\/2019\/05\/P1020694.jpg 640w, https:\/\/agora.xtec.cat\/esc-teresabergada\/wp-content\/uploads\/usu1533\/2019\/05\/P1020694-300x225.jpg 300w, https:\/\/agora.xtec.cat\/esc-teresabergada\/wp-content\/uploads\/usu1533\/2019\/05\/P1020694-200x150.jpg 200w\" sizes=\"auto, (max-width: 186px) 100vw, 186px\" \/><\/p>\n<p>&nbsp;<\/p>\n<p>Un nou projecte i l\u2019\u00faltim de 1r: el projecte dels animals! Un tema que ens ha fascinat, emocionat i sobretot motivat molt. Una fant\u00e0stica aventura d\u2019aprendre sobre els animals!<\/p>\n<p>Com tots els projectes, hem partit dels nostres interessos, aprenent a fer bones preguntes. Aquestes ens han perm\u00e8s descobrir, crear, investigar, observar i sobretot experimentar. En aquest projecte hem partit d\u2019un proverbi xin\u00e8s que diu aix\u00ed: \u201cEl que sento, ho oblido; el que veig ho recordo i el que faig ho entenc\u201d ja que una gran part del treball ha estat l\u2019experimentaci\u00f3 dels diferents grups d\u2019animals vertebrats i invertebrats. Hem realitzat molts experiments:<\/p>\n<ul>\n<li>La respiraci\u00f3 pulmonar amb els mam\u00edfers, r\u00e8ptils, amfibis i aus.<\/li>\n<li>La respiraci\u00f3 branquial i la dissecci\u00f3 de la sardina amb els peixos.<\/li>\n<li>La incubadora amb el naixement d\u2019un colom. Tot seguit podreu veure el v\u00eddeo del moment m\u00e0gic que vam viure!<\/li>\n<\/ul>\n<p><iframe loading=\"lazy\" title=\"Naixement d&#039;un colom\" width=\"500\" height=\"281\" src=\"https:\/\/www.youtube.com\/embed\/6tzchgsrkpI?feature=oembed\" frameborder=\"0\" allow=\"accelerometer; autoplay; clipboard-write; encrypted-media; gyroscope; picture-in-picture; web-share\" referrerpolicy=\"strict-origin-when-cross-origin\" allowfullscreen><\/iframe><\/p>\n<ul>\n<li>Cuidar una tortuga.<\/li>\n<li>Cuidar dues granotes d\u2019aigua i la metamorfosi.<\/li>\n<li>La metamorfosi dels cucs de seda amb el cicle vital de la papallona.<\/li>\n<\/ul>\n<p>Aquestes activitats han despertat sorpresa,\u00a0 curiositat, emoci\u00f3 i molt entusiasme entre l\u2019alumnat.<\/p>\n<p>Hem cercat informaci\u00f3 a trav\u00e9s de diferents fonts. Tamb\u00e9 hem apr\u00e8s a seleccionar les idees m\u00e9s rellevants per poder transmetre-les als nostres companys\/es.<\/p>\n<p>Hem realitzat maquetes que il\u00b7lustren l\u2019interior i l\u2019exterior d\u2019alguns animals vertebrats, fet que ens ha perm\u00e8s veure els trets caracter\u00edstics i difer\u00e8ncies entre cada grup (amfibis, r\u00e8ptils, peixos, aus, mam\u00edfers).<\/p>\n<p>Les sortides, xerrades dels experts i altres activitats ens han despertat gran inter\u00e8s i ens ha ajudat a complementar el nostre treball.<\/p>\n<p>Tot aix\u00f2 ho hem fet possible gr\u00e0cies al treball en equip. Hem vist que treballar en equip divideix la feina i multiplica els resultats. Gr\u00e0cies a la implicaci\u00f3 de tots els equips (llestos, treballadors, vampirs, foques i meravellosos) ho hem fet possible.<\/p>\n<p>El producte final d\u2019 aquest magn\u00edfic treball ha estat l&#8217;exposici\u00f3 oral a les fam\u00edlies amb l\u2019ajut d\u2019una presentaci\u00f3. Tot seguit, podreu visionar el v\u00eddeo.<\/p>\n<p><iframe loading=\"lazy\" title=\"Presentacio\u0301 1rB\" width=\"500\" height=\"281\" src=\"https:\/\/www.youtube.com\/embed\/TE8EY7abEt8?feature=oembed\" frameborder=\"0\" allow=\"accelerometer; autoplay; clipboard-write; encrypted-media; gyroscope; picture-in-picture; web-share\" referrerpolicy=\"strict-origin-when-cross-origin\" allowfullscreen><\/iframe><\/p>\n<p>En aquest article trobareu un recull de fotos de les diferents activitats que hem realitzat del projecte dels animals i tamb\u00e9 el v\u00eddeo de l&#8217;exposici\u00f3 oral.<\/p>\n<p>Posem FI a un projecte de treball que ens ha engrescat i entusiasmat molt. Esperem que us agradi tant com a nosaltres.<\/p>\n","protected":false},"excerpt":{"rendered":"<p>&nbsp;<br \/>\n<a href=\"https:\/\/photos.app.goo.gl\/U4iVGvoSNX9wJGLR8\"><\/a> \u00a0 \u00a0 \u00a0 \u00a0 \u00a0\u00a0<br \/>\n&nbsp;<br \/>\nUn nou projecte i l\u2019\u00faltim de 1r: el projecte dels animals! Un tema que ens ha fascinat, emocionat i sobretot motivat molt. Una fant\u00e0stica aventura d\u2019aprendre sobre els animals!<br \/>\nCom tots els projectes, hem partit dels nostres interessos, aprenent&hellip;  <a href=\"https:\/\/agora.xtec.cat\/esc-teresabergada\/general\/projecte-dels-animals\/\" title=\"Read PROJECTE DELS ANIMALS\">Llegeix m\u00e9s\u00bb<\/a><\/p>\n","protected":false},"author":16,"featured_media":4612,"comment_status":"open","ping_status":"closed","sticky":false,"template":"","format":"standard","meta":{"_bbp_topic_count":0,"_bbp_reply_count":0,"_bbp_total_topic_count":0,"_bbp_total_reply_count":0,"_bbp_voice_count":0,"_bbp_anonymous_reply_count":0,"_bbp_topic_count_hidden":0,"_bbp_reply_count_hidden":0,"_bbp_forum_subforum_count":0,"footnotes":""},"categories":[1],"tags":[],"class_list":["post-4608","post","type-post","status-publish","format-standard","has-post-thumbnail","hentry","category-general"],"post_mailing_queue_ids":[],"_links":{"self":[{"href":"https:\/\/agora.xtec.cat\/esc-teresabergada\/wp-json\/wp\/v2\/posts\/4608","targetHints":{"allow":["GET"]}}],"collection":[{"href":"https:\/\/agora.xtec.cat\/esc-teresabergada\/wp-json\/wp\/v2\/posts"}],"about":[{"href":"https:\/\/agora.xtec.cat\/esc-teresabergada\/wp-json\/wp\/v2\/types\/post"}],"author":[{"embeddable":true,"href":"https:\/\/agora.xtec.cat\/esc-teresabergada\/wp-json\/wp\/v2\/users\/16"}],"replies":[{"embeddable":true,"href":"https:\/\/agora.xtec.cat\/esc-teresabergada\/wp-json\/wp\/v2\/comments?post=4608"}],"version-history":[{"count":4,"href":"https:\/\/agora.xtec.cat\/esc-teresabergada\/wp-json\/wp\/v2\/posts\/4608\/revisions"}],"predecessor-version":[{"id":4704,"href":"https:\/\/agora.xtec.cat\/esc-teresabergada\/wp-json\/wp\/v2\/posts\/4608\/revisions\/4704"}],"wp:featuredmedia":[{"embeddable":true,"href":"https:\/\/agora.xtec.cat\/esc-teresabergada\/wp-json\/wp\/v2\/media\/4612"}],"wp:attachment":[{"href":"https:\/\/agora.xtec.cat\/esc-teresabergada\/wp-json\/wp\/v2\/media?parent=4608"}],"wp:term":[{"taxonomy":"category","embeddable":true,"href":"https:\/\/agora.xtec.cat\/esc-teresabergada\/wp-json\/wp\/v2\/categories?post=4608"},{"taxonomy":"post_tag","embeddable":true,"href":"https:\/\/agora.xtec.cat\/esc-teresabergada\/wp-json\/wp\/v2\/tags?post=4608"}],"curies":[{"name":"wp","href":"https:\/\/api.w.org\/{rel}","templated":true}]}}