{"id":4583,"date":"2019-05-28T07:42:17","date_gmt":"2019-05-28T05:42:17","guid":{"rendered":"http:\/\/agora.xtec.cat\/esc-teresabergada\/?p=4583"},"modified":"2019-09-26T20:06:02","modified_gmt":"2019-09-26T18:06:02","slug":"ultim-encaixat","status":"publish","type":"post","link":"https:\/\/agora.xtec.cat\/esc-teresabergada\/blocs-de-primaria\/3r\/ultim-encaixat\/","title":{"rendered":"\u00daltim &#8220;Encaixa&#8217;t&#8221;"},"content":{"rendered":"<p>Les i els alumnes de cicle inicial han estat l&#8217;\u00faltim cicle que ha pogut gaudir de la proposta Encaixa&#8217;t del centre d&#8217;art La Panera.<\/p>\n<p>Amb els diferents materials de la caixa d&#8217;Ignacio Uriarte han gaudit d&#8217;all\u00f2 m\u00e9s creant composicions, tant ef\u00edmeres com permanents, relacionades amb el projecte ELS ANIMALS.<\/p>\n<p><a href=\"https:\/\/photos.app.goo.gl\/JcxHno4vWyS6gntm9\" target=\"_blank\" rel=\"noopener noreferrer\"><img loading=\"lazy\" decoding=\"async\" class=\"aligncenter wp-image-4584 size-medium\" src=\"https:\/\/agora.xtec.cat\/esc-teresabergada\/wp-content\/uploads\/usu1533\/2019\/05\/PHOTO-2019-05-10-15-48-22-300x169.jpg\" alt=\"\" width=\"300\" height=\"169\" srcset=\"https:\/\/agora.xtec.cat\/esc-teresabergada\/wp-content\/uploads\/usu1533\/2019\/05\/PHOTO-2019-05-10-15-48-22-300x169.jpg 300w, https:\/\/agora.xtec.cat\/esc-teresabergada\/wp-content\/uploads\/usu1533\/2019\/05\/PHOTO-2019-05-10-15-48-22-768x432.jpg 768w, https:\/\/agora.xtec.cat\/esc-teresabergada\/wp-content\/uploads\/usu1533\/2019\/05\/PHOTO-2019-05-10-15-48-22-1024x577.jpg 1024w, https:\/\/agora.xtec.cat\/esc-teresabergada\/wp-content\/uploads\/usu1533\/2019\/05\/PHOTO-2019-05-10-15-48-22.jpg 1600w\" sizes=\"auto, (max-width: 300px) 100vw, 300px\" \/><\/a><\/p>\n<p>&nbsp;<\/p>\n","protected":false},"excerpt":{"rendered":"<p>Les i els alumnes de cicle inicial han estat l&#8217;\u00faltim cicle que ha pogut gaudir de la proposta Encaixa&#8217;t del centre d&#8217;art La Panera.<br \/>\nAmb els diferents materials de la caixa d&#8217;Ignacio Uriarte han gaudit d&#8217;all\u00f2 m\u00e9s creant composicions, tant ef\u00edmeres com permanents, relacionades amb el&hellip;  <a href=\"https:\/\/agora.xtec.cat\/esc-teresabergada\/blocs-de-primaria\/3r\/ultim-encaixat\/\" title=\"Read \u00daltim &#8220;Encaixa&#8217;t&#8221;\">Llegeix m\u00e9s\u00bb<\/a><\/p>\n","protected":false},"author":1,"featured_media":4397,"comment_status":"open","ping_status":"closed","sticky":false,"template":"","format":"standard","meta":{"_bbp_topic_count":0,"_bbp_reply_count":0,"_bbp_total_topic_count":0,"_bbp_total_reply_count":0,"_bbp_voice_count":0,"_bbp_anonymous_reply_count":0,"_bbp_topic_count_hidden":0,"_bbp_reply_count_hidden":0,"_bbp_forum_subforum_count":0,"footnotes":""},"categories":[238,250],"tags":[244,135,416,124,422],"class_list":["post-4583","post","type-post","status-publish","format-standard","has-post-thumbnail","hentry","category-3r","category-4t","tag-art","tag-cicle-inicial","tag-ignacio-uriarte","tag-projectes","tag-tallers-intercicle"],"post_mailing_queue_ids":[],"_links":{"self":[{"href":"https:\/\/agora.xtec.cat\/esc-teresabergada\/wp-json\/wp\/v2\/posts\/4583","targetHints":{"allow":["GET"]}}],"collection":[{"href":"https:\/\/agora.xtec.cat\/esc-teresabergada\/wp-json\/wp\/v2\/posts"}],"about":[{"href":"https:\/\/agora.xtec.cat\/esc-teresabergada\/wp-json\/wp\/v2\/types\/post"}],"author":[{"embeddable":true,"href":"https:\/\/agora.xtec.cat\/esc-teresabergada\/wp-json\/wp\/v2\/users\/1"}],"replies":[{"embeddable":true,"href":"https:\/\/agora.xtec.cat\/esc-teresabergada\/wp-json\/wp\/v2\/comments?post=4583"}],"version-history":[{"count":2,"href":"https:\/\/agora.xtec.cat\/esc-teresabergada\/wp-json\/wp\/v2\/posts\/4583\/revisions"}],"predecessor-version":[{"id":5309,"href":"https:\/\/agora.xtec.cat\/esc-teresabergada\/wp-json\/wp\/v2\/posts\/4583\/revisions\/5309"}],"wp:featuredmedia":[{"embeddable":true,"href":"https:\/\/agora.xtec.cat\/esc-teresabergada\/wp-json\/wp\/v2\/media\/4397"}],"wp:attachment":[{"href":"https:\/\/agora.xtec.cat\/esc-teresabergada\/wp-json\/wp\/v2\/media?parent=4583"}],"wp:term":[{"taxonomy":"category","embeddable":true,"href":"https:\/\/agora.xtec.cat\/esc-teresabergada\/wp-json\/wp\/v2\/categories?post=4583"},{"taxonomy":"post_tag","embeddable":true,"href":"https:\/\/agora.xtec.cat\/esc-teresabergada\/wp-json\/wp\/v2\/tags?post=4583"}],"curies":[{"name":"wp","href":"https:\/\/api.w.org\/{rel}","templated":true}]}}