{"id":4580,"date":"2019-05-27T22:39:48","date_gmt":"2019-05-27T20:39:48","guid":{"rendered":"http:\/\/agora.xtec.cat\/esc-teresabergada\/?p=4580"},"modified":"2020-09-07T18:05:32","modified_gmt":"2020-09-07T16:05:32","slug":"tardes-en-familia-3","status":"publish","type":"post","link":"https:\/\/agora.xtec.cat\/esc-teresabergada\/general\/tardes-en-familia-3\/","title":{"rendered":"TARDES EN FAM\u00cdLIA"},"content":{"rendered":"<p>El passat dijous 23 de maig, vam viure una tarda molt emotiva. Els i les alumnes de P4 vam mostrar als pares, mares i tothom que ens va voler acompanyar, \u00a0una petita mostra del treball realitzat dins dels projectes d&#8217;aula: L&#8217;Arc de Sant Mart\u00ed i la L\u00ednia de la vida.<\/p>\n<p>Vam preparar una petita Fira, on els i les alumnes, per grups vam fer experiments, representacions i explicacions relacionats amb els projectes treballats. Per finalitzar, vam preparar un past\u00eds i vam celebrar el nostre primer aniversari de projectes.<\/p>\n<p>Des de l&#8217;escola us volem agrair la participaci\u00f3 dels pares aix\u00ed com la confian\u00e7a que ens heu demostrat al llarg d&#8217;aquests dos cursos.<\/p>\n<p>Tot seguit us adjuntem un petit v\u00eddeo que resumeix una mica l&#8217;experi\u00e8ncia que hem viscut plegats.<\/p>\n<p><a href=\"http:\/\/www.kizoa.es\/Editar-V\u00eddeos-Movie-Maker\/d274921475k5750531o1l1\/projectes-p4\">GR\u00c0CIES, GR\u00c0CIES I MIL GR\u00c0CIES!!!<\/a><\/p>\n","protected":false},"excerpt":{"rendered":"<p>El passat dijous 23 de maig, vam viure una tarda molt emotiva. Els i les alumnes de P4 vam mostrar als pares, mares i tothom que ens va voler acompanyar, \u00a0una petita mostra del treball realitzat dins dels projectes d&#8217;aula: L&#8217;Arc de Sant Mart\u00ed i&hellip;  <a href=\"https:\/\/agora.xtec.cat\/esc-teresabergada\/general\/tardes-en-familia-3\/\" title=\"Read TARDES EN FAM\u00cdLIA\">Llegeix m\u00e9s\u00bb<\/a><\/p>\n","protected":false},"author":1,"featured_media":4581,"comment_status":"open","ping_status":"closed","sticky":false,"template":"","format":"standard","meta":{"_bbp_topic_count":0,"_bbp_reply_count":0,"_bbp_total_topic_count":0,"_bbp_total_reply_count":0,"_bbp_voice_count":0,"_bbp_anonymous_reply_count":0,"_bbp_topic_count_hidden":0,"_bbp_reply_count_hidden":0,"_bbp_forum_subforum_count":0,"footnotes":""},"categories":[348,1,2],"tags":[],"class_list":["post-4580","post","type-post","status-publish","format-standard","has-post-thumbnail","hentry","category-1r","category-general","category-infantil"],"post_mailing_queue_ids":[],"_links":{"self":[{"href":"https:\/\/agora.xtec.cat\/esc-teresabergada\/wp-json\/wp\/v2\/posts\/4580","targetHints":{"allow":["GET"]}}],"collection":[{"href":"https:\/\/agora.xtec.cat\/esc-teresabergada\/wp-json\/wp\/v2\/posts"}],"about":[{"href":"https:\/\/agora.xtec.cat\/esc-teresabergada\/wp-json\/wp\/v2\/types\/post"}],"author":[{"embeddable":true,"href":"https:\/\/agora.xtec.cat\/esc-teresabergada\/wp-json\/wp\/v2\/users\/1"}],"replies":[{"embeddable":true,"href":"https:\/\/agora.xtec.cat\/esc-teresabergada\/wp-json\/wp\/v2\/comments?post=4580"}],"version-history":[{"count":3,"href":"https:\/\/agora.xtec.cat\/esc-teresabergada\/wp-json\/wp\/v2\/posts\/4580\/revisions"}],"predecessor-version":[{"id":4669,"href":"https:\/\/agora.xtec.cat\/esc-teresabergada\/wp-json\/wp\/v2\/posts\/4580\/revisions\/4669"}],"wp:featuredmedia":[{"embeddable":true,"href":"https:\/\/agora.xtec.cat\/esc-teresabergada\/wp-json\/wp\/v2\/media\/4581"}],"wp:attachment":[{"href":"https:\/\/agora.xtec.cat\/esc-teresabergada\/wp-json\/wp\/v2\/media?parent=4580"}],"wp:term":[{"taxonomy":"category","embeddable":true,"href":"https:\/\/agora.xtec.cat\/esc-teresabergada\/wp-json\/wp\/v2\/categories?post=4580"},{"taxonomy":"post_tag","embeddable":true,"href":"https:\/\/agora.xtec.cat\/esc-teresabergada\/wp-json\/wp\/v2\/tags?post=4580"}],"curies":[{"name":"wp","href":"https:\/\/api.w.org\/{rel}","templated":true}]}}